{"id":899,"date":"2012-09-16T16:45:25","date_gmt":"2012-09-16T14:45:25","guid":{"rendered":"http:\/\/www.ev-fmz-menschenkinder.de\/?p=899"},"modified":"2012-09-25T21:40:34","modified_gmt":"2012-09-25T19:40:34","slug":"unser-kita-umbau-teil-10","status":"publish","type":"post","link":"https:\/\/www.ev-fmz-menschenkinder.de\/?p=899","title":{"rendered":"Unser Kita-Umbau Teil 10"},"content":{"rendered":"<p>Seit dem letzten Bautagebuch hat sich sehr viel in unserer Kita getan.<\/p>\n<p>Es wird Zeit euch auf den neuesten Stand zu bringen :-)&#8230;.<\/p>\n<p>Im Neubau wurden alle W\u00e4nde mit Rigips verkleidet. Nachher soll dort der Putz aufgebracht werden.<\/p>\n<p><a href=\"https:\/\/www.ev-fmz-menschenkinder.de\/wp-content\/uploads\/2012\/09\/021.jpg\"><img loading=\"lazy\" decoding=\"async\" class=\"alignleft  wp-image-903\" title=\"021\" src=\"https:\/\/www.ev-fmz-menschenkinder.de\/wp-content\/uploads\/2012\/09\/021.jpg\" alt=\"\" width=\"301\" height=\"399\" \/><\/a><\/p>\n<p>&nbsp;<\/p>\n<p>&nbsp;<\/p>\n<p>&nbsp;<\/p>\n<p>&nbsp;<\/p>\n<p>&nbsp;<\/p>\n<p>&nbsp;<\/p>\n<p>&nbsp;<\/p>\n<p>&nbsp;<\/p>\n<p>&nbsp;<\/p>\n<p>&nbsp;<\/p>\n<p>&nbsp;<\/p>\n<p>&nbsp;<\/p>\n<p>&nbsp;<\/p>\n<p>Au\u00dferdem wurden die Heizk\u00f6rper installiert und die Fenster montiert.<\/p>\n<p>In der kommenden Woche soll vielleicht schon der Estrich flie\u00dfen.<\/p>\n<p>&nbsp;<\/p>\n<p><a href=\"https:\/\/www.ev-fmz-menschenkinder.de\/wp-content\/uploads\/2012\/09\/017.jpg\"><img loading=\"lazy\" decoding=\"async\" class=\"alignleft  wp-image-902\" title=\"017\" src=\"https:\/\/www.ev-fmz-menschenkinder.de\/wp-content\/uploads\/2012\/09\/017.jpg\" alt=\"\" width=\"536\" height=\"401\" \/><\/a><\/p>\n<p>&nbsp;<\/p>\n<p>&nbsp;<\/p>\n<p>&nbsp;<\/p>\n<p>&nbsp;<\/p>\n<p>&nbsp;<\/p>\n<p>&nbsp;<\/p>\n<p>&nbsp;<\/p>\n<p>&nbsp;<\/p>\n<p>&nbsp;<\/p>\n<p>&nbsp;<\/p>\n<p>&nbsp;<\/p>\n<p>&nbsp;<\/p>\n<p>&nbsp;<\/p>\n<p>Unsere Kinder konnten als Zaung\u00e4ste immer hautnah dabei sein.<\/p>\n<p>&nbsp;<\/p>\n<p><a href=\"https:\/\/www.ev-fmz-menschenkinder.de\/wp-content\/uploads\/2012\/09\/023.jpg\"><img loading=\"lazy\" decoding=\"async\" class=\"alignleft  wp-image-901\" title=\"023\" src=\"https:\/\/www.ev-fmz-menschenkinder.de\/wp-content\/uploads\/2012\/09\/023.jpg\" alt=\"\" width=\"437\" height=\"327\" \/><\/a><\/p>\n<p>&nbsp;<\/p>\n<p>&nbsp;<\/p>\n<p>&nbsp;<\/p>\n<p>&nbsp;<\/p>\n<p>&nbsp;<\/p>\n<p>&nbsp;<\/p>\n<p>&nbsp;<\/p>\n<p>&nbsp;<\/p>\n<p>&nbsp;<\/p>\n<p>&nbsp;<\/p>\n<p>&nbsp;<\/p>\n<p>Der Innenhof wurde aufgef\u00fcllt mit Kies, gepflastert und verputzt.<\/p>\n<p>&nbsp;<\/p>\n<p><a href=\"https:\/\/www.ev-fmz-menschenkinder.de\/wp-content\/uploads\/2012\/09\/088.jpg\"><img loading=\"lazy\" decoding=\"async\" class=\"alignleft  wp-image-906\" title=\"088\" src=\"https:\/\/www.ev-fmz-menschenkinder.de\/wp-content\/uploads\/2012\/09\/088.jpg\" alt=\"\" width=\"247\" height=\"329\" \/><\/a> <a href=\"https:\/\/www.ev-fmz-menschenkinder.de\/wp-content\/uploads\/2012\/09\/001.jpg\"><img loading=\"lazy\" decoding=\"async\" class=\"alignleft  wp-image-907\" title=\"001\" src=\"https:\/\/www.ev-fmz-menschenkinder.de\/wp-content\/uploads\/2012\/09\/001.jpg\" alt=\"\" width=\"247\" height=\"327\" \/><\/a><\/p>\n<p>&nbsp;<\/p>\n<p>&nbsp;<\/p>\n<p>&nbsp;<\/p>\n<p>&nbsp;<\/p>\n<p>&nbsp;<\/p>\n<p>&nbsp;<\/p>\n<p>&nbsp;<\/p>\n<p>&nbsp;<\/p>\n<p>&nbsp;<\/p>\n<p>&nbsp;<\/p>\n<p>&nbsp;<\/p>\n<p>In den neugeschaffenen Fluren der alten Kita wurden die Einbauschr\u00e4nke mit Schwebet\u00fcren montiert.<\/p>\n<p>Wir freuen uns schon darauf, sie einr\u00e4umen zu k\u00f6nnen (dann werden auch die Differenzierungsr\u00e4ume langsam wieder brauchbar \ud83d\ude09 ).<\/p>\n<p><a href=\"https:\/\/www.ev-fmz-menschenkinder.de\/wp-content\/uploads\/2012\/09\/009.jpg\"><img loading=\"lazy\" decoding=\"async\" class=\"alignleft  wp-image-910\" title=\"009\" src=\"https:\/\/www.ev-fmz-menschenkinder.de\/wp-content\/uploads\/2012\/09\/009.jpg\" alt=\"\" width=\"315\" height=\"420\" \/><\/a><\/p>\n<p>&nbsp;<\/p>\n<p>&nbsp;<\/p>\n<p>&nbsp;<\/p>\n<p>Vorher<\/p>\n<p>&nbsp;<\/p>\n<p>&nbsp;<\/p>\n<p>&nbsp;<\/p>\n<p>&nbsp;<\/p>\n<p>&nbsp;<\/p>\n<p>&nbsp;<\/p>\n<p>&nbsp;<\/p>\n<p>&nbsp;<\/p>\n<p>&nbsp;<\/p>\n<p>&nbsp;<\/p>\n<p><a href=\"https:\/\/www.ev-fmz-menschenkinder.de\/wp-content\/uploads\/2012\/09\/058.jpg\"><img loading=\"lazy\" decoding=\"async\" class=\"alignleft  wp-image-911\" title=\"058\" src=\"https:\/\/www.ev-fmz-menschenkinder.de\/wp-content\/uploads\/2012\/09\/058.jpg\" alt=\"\" width=\"359\" height=\"268\" \/><\/a><\/p>\n<p>&nbsp;<\/p>\n<p>&nbsp;<\/p>\n<p>&nbsp;<\/p>\n<p>&nbsp;<\/p>\n<p>Nachher<\/p>\n<p>&nbsp;<\/p>\n<p>&nbsp;<\/p>\n<p>&nbsp;<\/p>\n<p>&nbsp;<\/p>\n<p>In den Gruppen sind die neuen Wickelkommoden eingebaut worden.<\/p>\n<p>&nbsp;<\/p>\n<p><a href=\"https:\/\/www.ev-fmz-menschenkinder.de\/wp-content\/uploads\/2012\/09\/013.jpg\"><img loading=\"lazy\" decoding=\"async\" class=\"alignleft  wp-image-915\" title=\"013\" src=\"https:\/\/www.ev-fmz-menschenkinder.de\/wp-content\/uploads\/2012\/09\/013.jpg\" alt=\"\" width=\"302\" height=\"401\" \/><\/a><\/p>\n<p>&nbsp;<\/p>\n<p>&nbsp;<\/p>\n<p>&nbsp;<\/p>\n<p>&nbsp;<\/p>\n<p>&nbsp;<\/p>\n<p>&nbsp;<\/p>\n<p>&nbsp;<\/p>\n<p>&nbsp;<\/p>\n<p>&nbsp;<\/p>\n<p>&nbsp;<\/p>\n<p>&nbsp;<\/p>\n<p>&nbsp;<\/p>\n<p>&nbsp;<\/p>\n<p>Wundersch\u00f6nes, tolles Holz und eine sch\u00f6ne Optik:<\/p>\n<p><a href=\"https:\/\/www.ev-fmz-menschenkinder.de\/wp-content\/uploads\/2012\/09\/0011.jpg\"><img loading=\"lazy\" decoding=\"async\" class=\"alignleft  wp-image-916\" title=\"001\" src=\"https:\/\/www.ev-fmz-menschenkinder.de\/wp-content\/uploads\/2012\/09\/0011.jpg\" alt=\"\" width=\"374\" height=\"280\" \/><\/a>\u00a0\u00a0 <a href=\"https:\/\/www.ev-fmz-menschenkinder.de\/wp-content\/uploads\/2012\/09\/004.jpg\"><img loading=\"lazy\" decoding=\"async\" class=\"alignleft  wp-image-917\" title=\"004\" src=\"https:\/\/www.ev-fmz-menschenkinder.de\/wp-content\/uploads\/2012\/09\/004.jpg\" alt=\"\" width=\"211\" height=\"280\" \/><\/a><\/p>\n<p>&nbsp;<\/p>\n<p>&nbsp;<\/p>\n<p>&nbsp;<\/p>\n<p>&nbsp;<\/p>\n<p>&nbsp;<\/p>\n<p>&nbsp;<\/p>\n<p>&nbsp;<\/p>\n<p>&nbsp;<\/p>\n<p>&nbsp;<\/p>\n<p>W\u00e4hrenddessen wurde vor dem alten Personalraumfenster eine Staubschutzwand aufgestellt.<\/p>\n<p>&nbsp;<\/p>\n<p><a href=\"https:\/\/www.ev-fmz-menschenkinder.de\/wp-content\/uploads\/2012\/09\/0012.jpg\"><img loading=\"lazy\" decoding=\"async\" class=\"alignleft  wp-image-919\" title=\"001\" src=\"https:\/\/www.ev-fmz-menschenkinder.de\/wp-content\/uploads\/2012\/09\/0012.jpg\" alt=\"\" width=\"524\" height=\"392\" \/><\/a><\/p>\n<p>&nbsp;<\/p>\n<p>&nbsp;<\/p>\n<p>&nbsp;<\/p>\n<p>&nbsp;<\/p>\n<p>&nbsp;<\/p>\n<p>&nbsp;<\/p>\n<p>&nbsp;<\/p>\n<p>&nbsp;<\/p>\n<p>&nbsp;<\/p>\n<p>&nbsp;<\/p>\n<p>&nbsp;<\/p>\n<p>&nbsp;<\/p>\n<p>&nbsp;<\/p>\n<p>Leider k\u00f6nnen wir jetzt nicht mehr sehen was genau passiert.<br \/>\nImmer wieder h\u00f6rten wir lautes H\u00e4mmern und eine sehr laute Maschine.<br \/>\nAlle waren neugierig, was dort wohl geschieht.<\/p>\n<p>Ein Blick hinter die Kulissen verr\u00e4t:<\/p>\n<p><a href=\"https:\/\/www.ev-fmz-menschenkinder.de\/wp-content\/uploads\/2012\/09\/002.jpg\"><img loading=\"lazy\" decoding=\"async\" class=\"alignleft  wp-image-920\" title=\"002\" src=\"https:\/\/www.ev-fmz-menschenkinder.de\/wp-content\/uploads\/2012\/09\/002.jpg\" alt=\"\" width=\"300\" height=\"398\" \/><\/a><\/p>\n<p>&nbsp;<\/p>\n<p>&nbsp;<\/p>\n<p>Die Schreinerei Pachler entfernt das alte Fenster.<\/p>\n<p>&nbsp;<\/p>\n<p><a href=\"https:\/\/www.ev-fmz-menschenkinder.de\/wp-content\/uploads\/2012\/09\/006.jpg\"><img loading=\"lazy\" decoding=\"async\" class=\"alignleft  wp-image-921\" title=\"006\" src=\"https:\/\/www.ev-fmz-menschenkinder.de\/wp-content\/uploads\/2012\/09\/006.jpg\" alt=\"\" width=\"340\" height=\"251\" \/><\/a><\/p>\n<p>&nbsp;<\/p>\n<p>&nbsp;<\/p>\n<p>&nbsp;<\/p>\n<p>&nbsp;<\/p>\n<p>&nbsp;<\/p>\n<p>&nbsp;<\/p>\n<p>&nbsp;<\/p>\n<p>&nbsp;<\/p>\n<p>&nbsp;<\/p>\n<p>&nbsp;<\/p>\n<p>&nbsp;<\/p>\n<p>Dann kommt der Handwerker der Firma Claussen mit einer schweren Motor-Flex und gibt der Mauer den Rest:<\/p>\n<p>&nbsp;<\/p>\n<p>&nbsp;<\/p>\n<p>&nbsp;<\/p>\n<p><a href=\"https:\/\/www.ev-fmz-menschenkinder.de\/wp-content\/uploads\/2012\/09\/010.jpg\"><img loading=\"lazy\" decoding=\"async\" class=\"alignleft  wp-image-922\" title=\"010\" src=\"https:\/\/www.ev-fmz-menschenkinder.de\/wp-content\/uploads\/2012\/09\/010.jpg\" alt=\"\" width=\"285\" height=\"378\" \/><\/a><\/p>\n<p>&nbsp;<\/p>\n<p>&nbsp;<\/p>\n<p>&nbsp;<\/p>\n<p>&nbsp;<\/p>\n<p>&nbsp;<\/p>\n<p>&nbsp;<\/p>\n<p>&nbsp;<\/p>\n<p>&nbsp;<\/p>\n<p>&nbsp;<\/p>\n<p>&nbsp;<\/p>\n<p>&nbsp;<\/p>\n<p>&nbsp;<\/p>\n<p>&nbsp;<\/p>\n<p><a href=\"https:\/\/www.ev-fmz-menschenkinder.de\/wp-content\/uploads\/2012\/09\/014.jpg\"><img loading=\"lazy\" decoding=\"async\" class=\"alignleft  wp-image-923\" title=\"014\" src=\"https:\/\/www.ev-fmz-menschenkinder.de\/wp-content\/uploads\/2012\/09\/014.jpg\" alt=\"\" width=\"287\" height=\"381\" \/><\/a><\/p>\n<p>&nbsp;<\/p>\n<p>Der Durchbruch zwischen neuer<\/p>\n<p>und alter Kita ist fast geschafft!!<\/p>\n<p>&nbsp;<\/p>\n<p>&nbsp;<\/p>\n<p>&nbsp;<\/p>\n<p>&nbsp;<\/p>\n<p>&nbsp;<\/p>\n<p>&nbsp;<\/p>\n<p>&nbsp;<\/p>\n<p>&nbsp;<\/p>\n<p>&nbsp;<\/p>\n<p>&nbsp;<\/p>\n<p>Mal sehen, wie es in der kommenden Woche weitergeht.<\/p>\n<p>Ab Montag sind wir mit den Vorschulkindern in der Waldwoche,<\/p>\n<p>dann ist es Mittags nochmal so spannend :-)).<\/p>\n","protected":false},"excerpt":{"rendered":"<p>Seit dem letzten Bautagebuch hat sich sehr viel in unserer Kita getan. Es wird Zeit euch auf den neuesten Stand zu bringen :-)&#8230;. Im Neubau wurden alle W\u00e4nde mit Rigips verkleidet. Nachher soll dort der Putz aufgebracht werden. &nbsp; &nbsp; &nbsp; &nbsp; &nbsp; &nbsp; &nbsp; &nbsp; &nbsp; &nbsp; &nbsp; &nbsp; &nbsp; Au\u00dferdem wurden die Heizk\u00f6rper [&hellip;]<\/p>\n","protected":false},"author":2,"featured_media":0,"comment_status":"open","ping_status":"open","sticky":false,"template":"","format":"standard","meta":{"footnotes":""},"categories":[1,39],"tags":[95,40],"class_list":["post-899","post","type-post","status-publish","format-standard","hentry","category-allgemein","category-bautagebuch","tag-bautagebuch","tag-umbau"],"_links":{"self":[{"href":"https:\/\/www.ev-fmz-menschenkinder.de\/index.php?rest_route=\/wp\/v2\/posts\/899","targetHints":{"allow":["GET"]}}],"collection":[{"href":"https:\/\/www.ev-fmz-menschenkinder.de\/index.php?rest_route=\/wp\/v2\/posts"}],"about":[{"href":"https:\/\/www.ev-fmz-menschenkinder.de\/index.php?rest_route=\/wp\/v2\/types\/post"}],"author":[{"embeddable":true,"href":"https:\/\/www.ev-fmz-menschenkinder.de\/index.php?rest_route=\/wp\/v2\/users\/2"}],"replies":[{"embeddable":true,"href":"https:\/\/www.ev-fmz-menschenkinder.de\/index.php?rest_route=%2Fwp%2Fv2%2Fcomments&post=899"}],"version-history":[{"count":14,"href":"https:\/\/www.ev-fmz-menschenkinder.de\/index.php?rest_route=\/wp\/v2\/posts\/899\/revisions"}],"predecessor-version":[{"id":957,"href":"https:\/\/www.ev-fmz-menschenkinder.de\/index.php?rest_route=\/wp\/v2\/posts\/899\/revisions\/957"}],"wp:attachment":[{"href":"https:\/\/www.ev-fmz-menschenkinder.de\/index.php?rest_route=%2Fwp%2Fv2%2Fmedia&parent=899"}],"wp:term":[{"taxonomy":"category","embeddable":true,"href":"https:\/\/www.ev-fmz-menschenkinder.de\/index.php?rest_route=%2Fwp%2Fv2%2Fcategories&post=899"},{"taxonomy":"post_tag","embeddable":true,"href":"https:\/\/www.ev-fmz-menschenkinder.de\/index.php?rest_route=%2Fwp%2Fv2%2Ftags&post=899"}],"curies":[{"name":"wp","href":"https:\/\/api.w.org\/{rel}","templated":true}]}}