{"id":556,"date":"2012-06-19T07:00:26","date_gmt":"2012-06-19T05:00:26","guid":{"rendered":"http:\/\/www.ev-fmz-menschenkinder.de\/?p=556"},"modified":"2012-06-19T07:04:50","modified_gmt":"2012-06-19T05:04:50","slug":"13-juni-2012","status":"publish","type":"post","link":"https:\/\/www.ev-fmz-menschenkinder.de\/?p=556","title":{"rendered":"13. Juni 2012"},"content":{"rendered":"<p>Es ist Mittwoch.<br \/>\nHeute zieht das erste Spielzeug wieder ein.<\/p>\n<p>Wieder stimmen wir ab, was die Kinder gerne wieder haben m\u00f6chten.<br \/>\nDie meisten Kinder entscheiden sich f\u00fcr die Mal- und Bastelsachen.<\/p>\n<p>Die Kreativecken wurden von vielen Kindern vermisst.<\/p>\n<p>Gemeinsam \u00fcberlegen wir, dass wir nur zwei Bl\u00e4tter pro Kind herausgeben, damit nicht gleich wieder soviel Papier verwendet wird.<\/p>\n<p><a href=\"https:\/\/www.ev-fmz-menschenkinder.de\/wp-content\/uploads\/2012\/06\/0081.jpg\"><img loading=\"lazy\" decoding=\"async\" class=\"alignleft  wp-image-557\" title=\"008\" src=\"https:\/\/www.ev-fmz-menschenkinder.de\/wp-content\/uploads\/2012\/06\/0081.jpg\" alt=\"\" width=\"404\" height=\"301\" \/><\/a><\/p>\n<p>&nbsp;<\/p>\n<p>&nbsp;<\/p>\n<p>&nbsp;<\/p>\n<p>&nbsp;<\/p>\n<p>&nbsp;<\/p>\n<p>&nbsp;<\/p>\n<p>&nbsp;<\/p>\n<p>&nbsp;<\/p>\n<p>&nbsp;<\/p>\n<p>Wir entscheiden uns&#8230;.<\/p>\n<p><a href=\"https:\/\/www.ev-fmz-menschenkinder.de\/wp-content\/uploads\/2012\/06\/010.jpg\"><img loading=\"lazy\" decoding=\"async\" class=\"wp-image-558 alignnone\" title=\"010\" src=\"https:\/\/www.ev-fmz-menschenkinder.de\/wp-content\/uploads\/2012\/06\/010.jpg\" alt=\"\" width=\"266\" height=\"353\" \/><\/a><\/p>\n<p>&#8230;f\u00fcr die Malsachen!<\/p>\n<p>&nbsp;<\/p>\n<p>&nbsp;<\/p>\n<p>&nbsp;<\/p>\n","protected":false},"excerpt":{"rendered":"<p>Es ist Mittwoch. Heute zieht das erste Spielzeug wieder ein. Wieder stimmen wir ab, was die Kinder gerne wieder haben m\u00f6chten. Die meisten Kinder entscheiden sich f\u00fcr die Mal- und Bastelsachen. Die Kreativecken wurden von vielen Kindern vermisst. Gemeinsam \u00fcberlegen wir, dass wir nur zwei Bl\u00e4tter pro Kind herausgeben, damit nicht gleich wieder soviel Papier [&hellip;]<\/p>\n","protected":false},"author":2,"featured_media":0,"comment_status":"open","ping_status":"open","sticky":false,"template":"","format":"standard","meta":{"footnotes":""},"categories":[22],"tags":[94,23],"class_list":["post-556","post","type-post","status-publish","format-standard","hentry","category-spielzeugfreier-kindergarten","tag-onlinetagebuch","tag-spielzeugfrei"],"_links":{"self":[{"href":"https:\/\/www.ev-fmz-menschenkinder.de\/index.php?rest_route=\/wp\/v2\/posts\/556","targetHints":{"allow":["GET"]}}],"collection":[{"href":"https:\/\/www.ev-fmz-menschenkinder.de\/index.php?rest_route=\/wp\/v2\/posts"}],"about":[{"href":"https:\/\/www.ev-fmz-menschenkinder.de\/index.php?rest_route=\/wp\/v2\/types\/post"}],"author":[{"embeddable":true,"href":"https:\/\/www.ev-fmz-menschenkinder.de\/index.php?rest_route=\/wp\/v2\/users\/2"}],"replies":[{"embeddable":true,"href":"https:\/\/www.ev-fmz-menschenkinder.de\/index.php?rest_route=%2Fwp%2Fv2%2Fcomments&post=556"}],"version-history":[{"count":6,"href":"https:\/\/www.ev-fmz-menschenkinder.de\/index.php?rest_route=\/wp\/v2\/posts\/556\/revisions"}],"predecessor-version":[{"id":564,"href":"https:\/\/www.ev-fmz-menschenkinder.de\/index.php?rest_route=\/wp\/v2\/posts\/556\/revisions\/564"}],"wp:attachment":[{"href":"https:\/\/www.ev-fmz-menschenkinder.de\/index.php?rest_route=%2Fwp%2Fv2%2Fmedia&parent=556"}],"wp:term":[{"taxonomy":"category","embeddable":true,"href":"https:\/\/www.ev-fmz-menschenkinder.de\/index.php?rest_route=%2Fwp%2Fv2%2Fcategories&post=556"},{"taxonomy":"post_tag","embeddable":true,"href":"https:\/\/www.ev-fmz-menschenkinder.de\/index.php?rest_route=%2Fwp%2Fv2%2Ftags&post=556"}],"curies":[{"name":"wp","href":"https:\/\/api.w.org\/{rel}","templated":true}]}}