{"id":3874,"date":"2024-09-01T10:57:47","date_gmt":"2024-09-01T08:57:47","guid":{"rendered":"http:\/\/www.ev-fmz-menschenkinder.de\/?p=3874"},"modified":"2025-01-01T23:01:08","modified_gmt":"2025-01-01T22:01:08","slug":"3874","status":"publish","type":"post","link":"https:\/\/www.ev-fmz-menschenkinder.de\/?p=3874","title":{"rendered":"Jubil\u00e4um 2024"},"content":{"rendered":"<p>Das war ein wunderbares Fest. So viele Menschen sind geklommen um mit uns zu feiern.<\/p>\n<p>Wir danken jedem einzelnen und freuen uns, dass ihr uns so nahesteht und uns nach wie vor in eurem Herzen tragt.<\/p>\n<p>Wir sehen uns wieder :-)&#8230;&#8230;.<\/p>\n<p>&#8212;&#8212;&#8212;&#8212;&#8212;&#8212;&#8212;&#8212;&#8212;&#8212;&#8212;&#8212;&#8212;&#8212;&#8212;&#8212;&#8212;&#8212;&#8212;&#8212;&#8212;&#8212;&#8212;&#8212;&#8212;&#8212;&#8212;&#8212;&#8212;&#8212;&#8212;&#8212;&#8212;&#8212;&#8212;&#8212;&#8212;&#8212;&#8212;&#8212;&#8212;&#8212;&#8212;&#8212;&#8212;&#8211;<\/p>\n<p>Presseinformation Nr. 73\/2024<\/p>\n<p>40 Jahre Evangelisches Familienzentrum Menschenkinder<br \/>\nEin Fest der Erinnerungen und Begegnungen<\/p>\n<p>48 M\u00e4dchen und Jungen wachsen hier auf, darunter f\u00fcnf Kids mit erh\u00f6htem F\u00f6rderbedarf. Sie spielen und toben, lernen und erkunden die Welt \u2013 in drei Gruppen. Die Rede ist vom Evangelischen Familienzentrum Menschenkinder. Die Kita, angesiedelt gleich neben dem Paul-Gerhardt-Haus in Sankt Augustin-Niederpleis, besteht nunmehr 40 Jahre. Dieses Jubil\u00e4um wird nat\u00fcrlich gefeiert. Am Sonntag, 8. September, sind alle Interessierten herzlich in die Schulstra\u00dfe 57a in Sankt Augustin eingeladen, um gemeinsam zu feiern. Der Tag beginnt um 11 Uhr mit einem Familiengottesdienst, gefolgt von pers\u00f6nlichen Gru\u00dfworten und einem R\u00fcckblick auf vier Jahrzehnte voller Kinderlachen, wertvoller Begegnungen und unz\u00e4hliger Geschichten.<br \/>\nErinnerungen aufleben lassen und neue schaffen, darum geht es an diesem Festtag. Es wird gesungen, getanzt, gespielt und nat\u00fcrlich viel gelacht. F\u00fcr jeden ist etwas dabei, ob Klein oder Gro\u00df, ob Jung oder Alt. Erwartet werden u.a. eine Clownin und ein Zauberer.<br \/>\nDer Tag ist eine hervorragende Gelegenheit, zusammenzukommen, alte Freunde wiederzusehen und gemeinsam in Erinnerungen zu schwelgen, betont Leiterin Sabine Schwabe. \u201eWir freuen uns darauf, diesen Tag mit euch zu teilen und eine Gemeinschaft zu feiern, die \u00fcber Generationen gewachsen ist. Lasst uns diesen Tag unvergesslich machen \u2013 wir freuen uns auf euch!\u201c<br \/>\nWer eine besondere Geschichte mit dem Familienzentrum verbindet oder ein paar Worte sagen m\u00f6chte, wird schon jetzt im Vorfeld gebeten, sich an das Familienzentrum zu wenden. Kontakt: Telefon 02241 333939, E-Mail: ev.fmz-menschenkinder@ekir.de.<\/p>\n<p><a href=\"https:\/\/www.ev-fmz-menschenkinder.de\/wp-content\/uploads\/2024\/09\/Einladung-Jubilaeum-Plakat.1.jpeg\"><img loading=\"lazy\" decoding=\"async\" class=\"size-medium wp-image-3875 alignleft\" src=\"https:\/\/www.ev-fmz-menschenkinder.de\/wp-content\/uploads\/2024\/09\/Einladung-Jubilaeum-Plakat.1-212x300.jpeg\" alt=\"\" width=\"212\" height=\"300\" srcset=\"https:\/\/www.ev-fmz-menschenkinder.de\/wp-content\/uploads\/2024\/09\/Einladung-Jubilaeum-Plakat.1-212x300.jpeg 212w, https:\/\/www.ev-fmz-menschenkinder.de\/wp-content\/uploads\/2024\/09\/Einladung-Jubilaeum-Plakat.1-724x1024.jpeg 724w, https:\/\/www.ev-fmz-menschenkinder.de\/wp-content\/uploads\/2024\/09\/Einladung-Jubilaeum-Plakat.1-768x1087.jpeg 768w, https:\/\/www.ev-fmz-menschenkinder.de\/wp-content\/uploads\/2024\/09\/Einladung-Jubilaeum-Plakat.1-1085x1536.jpeg 1085w, https:\/\/www.ev-fmz-menschenkinder.de\/wp-content\/uploads\/2024\/09\/Einladung-Jubilaeum-Plakat.1.jpeg 1190w\" sizes=\"auto, (max-width: 212px) 100vw, 212px\" \/><\/a><\/p>\n","protected":false},"excerpt":{"rendered":"<p>Das war ein wunderbares Fest. So viele Menschen sind geklommen um mit uns zu feiern. Wir danken jedem einzelnen und freuen uns, dass ihr uns so nahesteht und uns nach wie vor in eurem Herzen tragt. Wir sehen uns wieder :-)&#8230;&#8230;. &#8212;&#8212;&#8212;&#8212;&#8212;&#8212;&#8212;&#8212;&#8212;&#8212;&#8212;&#8212;&#8212;&#8212;&#8212;&#8212;&#8212;&#8212;&#8212;&#8212;&#8212;&#8212;&#8212;&#8212;&#8212;&#8212;&#8212;&#8212;&#8212;&#8212;&#8212;&#8212;&#8212;&#8212;&#8212;&#8212;&#8212;&#8212;&#8212;&#8212;&#8212;&#8212;&#8212;&#8212;&#8212;&#8211; Presseinformation Nr. 73\/2024 40 Jahre Evangelisches Familienzentrum Menschenkinder Ein Fest der Erinnerungen und [&hellip;]<\/p>\n","protected":false},"author":2,"featured_media":0,"comment_status":"open","ping_status":"open","sticky":false,"template":"","format":"standard","meta":{"footnotes":""},"categories":[1,15,16,5],"tags":[],"class_list":["post-3874","post","type-post","status-publish","format-standard","hentry","category-allgemein","category-angebote-fur-eltern-familien","category-aus-unserer-arbeit","category-veranstaltungen"],"_links":{"self":[{"href":"https:\/\/www.ev-fmz-menschenkinder.de\/index.php?rest_route=\/wp\/v2\/posts\/3874","targetHints":{"allow":["GET"]}}],"collection":[{"href":"https:\/\/www.ev-fmz-menschenkinder.de\/index.php?rest_route=\/wp\/v2\/posts"}],"about":[{"href":"https:\/\/www.ev-fmz-menschenkinder.de\/index.php?rest_route=\/wp\/v2\/types\/post"}],"author":[{"embeddable":true,"href":"https:\/\/www.ev-fmz-menschenkinder.de\/index.php?rest_route=\/wp\/v2\/users\/2"}],"replies":[{"embeddable":true,"href":"https:\/\/www.ev-fmz-menschenkinder.de\/index.php?rest_route=%2Fwp%2Fv2%2Fcomments&post=3874"}],"version-history":[{"count":5,"href":"https:\/\/www.ev-fmz-menschenkinder.de\/index.php?rest_route=\/wp\/v2\/posts\/3874\/revisions"}],"predecessor-version":[{"id":3922,"href":"https:\/\/www.ev-fmz-menschenkinder.de\/index.php?rest_route=\/wp\/v2\/posts\/3874\/revisions\/3922"}],"wp:attachment":[{"href":"https:\/\/www.ev-fmz-menschenkinder.de\/index.php?rest_route=%2Fwp%2Fv2%2Fmedia&parent=3874"}],"wp:term":[{"taxonomy":"category","embeddable":true,"href":"https:\/\/www.ev-fmz-menschenkinder.de\/index.php?rest_route=%2Fwp%2Fv2%2Fcategories&post=3874"},{"taxonomy":"post_tag","embeddable":true,"href":"https:\/\/www.ev-fmz-menschenkinder.de\/index.php?rest_route=%2Fwp%2Fv2%2Ftags&post=3874"}],"curies":[{"name":"wp","href":"https:\/\/api.w.org\/{rel}","templated":true}]}}