{"id":3781,"date":"2023-08-16T14:02:51","date_gmt":"2023-08-16T12:02:51","guid":{"rendered":"http:\/\/www.ev-fmz-menschenkinder.de\/?p=3781"},"modified":"2023-08-16T14:59:16","modified_gmt":"2023-08-16T12:59:16","slug":"unser-aussengelaende-ist-fertig","status":"publish","type":"post","link":"https:\/\/www.ev-fmz-menschenkinder.de\/?p=3781","title":{"rendered":"Unser Au\u00dfengel\u00e4nde ist fertig"},"content":{"rendered":"<p class=\"p1\">\u201eIhr sollt frei und fr\u00f6hlich und unbeschwert leben, Ihr sollt spielen, lachen und toben.\u201c So hat es Jesus Christus gewollt, erkl\u00e4rte Pfarrer Tobias Schreiber. Und dazu tr\u00e4gt das neu gestaltete Au\u00dfengel\u00e4nde des Evangelischen Familienzentrums Menschenkinder in Sankt Augustin-Niederpleis bestens bei. Am Samstag haben Kita-Kinder und Geschwister, Eltern und Gro\u00dfeltern, Kita-Team und G\u00e4ste die Neugestaltung gefeiert.<\/p>\n<p class=\"p3\">Holzpferde. Holzk\u00fcche. Eine Sonnenliege. Schaukel, Rutsche und eine in den Sandkasten integrierte Wasserbahn &#8211; die Kinder haben eine ganze Reihe neuer Spielger\u00e4te erhalten. Zu finden sind sie im komplett neu gestalteten Au\u00dfengel\u00e4nde der Kindertagesst\u00e4tte. Rasen wurde neu ges\u00e4t, Sand frisch ausgetauscht. Rund 30.000 Euro hat die Neugestaltung gekostet.<\/p>\n<p class=\"p3\">Das Geld hat die Kita auf verschiedenen Wegen gesammelt: Sie erhielt Einzelspenden von Eltern und Mitgliedern der Evangelischen Kirchengemeinde Sankt Augustin Niederpleis und M\u00fclldorf. Hinzu kamen Gelder aus den F\u00f6rdert\u00f6pfen der B\u00fcrgerstiftung Sankt Augustin und der Stiftung Nachbarschaftshilfe. \u00dcber ein Crowdfunding-Projekt der Stadtwerke Sankt Augustin erhielt das Familienzentrum sogar Unterst\u00fctzung von Menschen \u00fcber den Kreis von Eltern und Gemeinde hinaus. Mehr als Geld: M\u00f6glich wurde alles erst durch jede Menge Eigenarbeit von Eltern und Gemeindemitgliedern.<\/p>\n<p class=\"p3\">Nach der Andacht mit Pfarrer Schreiber zu Beginn des Festes war Zeit f\u00fcr Danksagungen: Leiterin Sabine Schwabe dankte allen, die gespendet und mitgeholfen haben. Dank an sie und ihr Team kam von Stephanie Kola, der Leiterin des Kita-Referats des Evangelischen Kirchenkreises An Sieg und Rhein. Sankt Augustins B\u00fcrgermeister Max Leitterstorf beschenkte die Kinder mit einer Seifenblasen-Gro\u00dfpackung. Unter den Gratulantinnen waren auch die<span class=\"s1\">\u00a0<\/span>Superintendentin des Evangelischen Kirchenkreises An Sieg und Rhein, Almut van Niekerk, und Katja Dierks im Namen des Presbyteriums.<\/p>\n\n\t\t<style type=\"text\/css\">\n\t\t\t#gallery-1 {\n\t\t\t\tmargin: auto;\n\t\t\t}\n\t\t\t#gallery-1 .gallery-item {\n\t\t\t\tfloat: left;\n\t\t\t\tmargin-top: 10px;\n\t\t\t\ttext-align: center;\n\t\t\t\twidth: 33%;\n\t\t\t}\n\t\t\t#gallery-1 img {\n\t\t\t\tborder: 2px solid #cfcfcf;\n\t\t\t}\n\t\t\t#gallery-1 .gallery-caption {\n\t\t\t\tmargin-left: 0;\n\t\t\t}\n\t\t\t\/* see gallery_shortcode() in wp-includes\/media.php *\/\n\t\t<\/style>\n\t\t<div id='gallery-1' class='gallery galleryid-3781 gallery-columns-3 gallery-size-thumbnail'><dl class='gallery-item'>\n\t\t\t<dt class='gallery-icon landscape'>\n\t\t\t\t<a href='https:\/\/www.ev-fmz-menschenkinder.de\/?attachment_id=3787'><img loading=\"lazy\" decoding=\"async\" width=\"150\" height=\"150\" src=\"https:\/\/www.ev-fmz-menschenkinder.de\/wp-content\/uploads\/2023\/08\/Huegel_alt-150x150.jpeg\" class=\"attachment-thumbnail size-thumbnail\" alt=\"\" aria-describedby=\"gallery-1-3787\" \/><\/a>\n\t\t\t<\/dt>\n\t\t\t\t<dd class='wp-caption-text gallery-caption' id='gallery-1-3787'>\n\t\t\t\tUnser altes Au\u00dfengel\u00e4nde\n\t\t\t\t<\/dd><\/dl><dl class='gallery-item'>\n\t\t\t<dt class='gallery-icon portrait'>\n\t\t\t\t<a href='https:\/\/www.ev-fmz-menschenkinder.de\/?attachment_id=3788'><img loading=\"lazy\" decoding=\"async\" width=\"150\" height=\"150\" src=\"https:\/\/www.ev-fmz-menschenkinder.de\/wp-content\/uploads\/2023\/08\/Huegel_vorher-150x150.jpg\" class=\"attachment-thumbnail size-thumbnail\" alt=\"\" aria-describedby=\"gallery-1-3788\" \/><\/a>\n\t\t\t<\/dt>\n\t\t\t\t<dd class='wp-caption-text gallery-caption' id='gallery-1-3788'>\n\t\t\t\t\u00dcberall harte Erde, Wurzel, Dreck und ein \u00e4rmliches bisschen Wiese\n\t\t\t\t<\/dd><\/dl><dl class='gallery-item'>\n\t\t\t<dt class='gallery-icon landscape'>\n\t\t\t\t<a href='https:\/\/www.ev-fmz-menschenkinder.de\/?attachment_id=3789'><img loading=\"lazy\" decoding=\"async\" width=\"150\" height=\"150\" src=\"https:\/\/www.ev-fmz-menschenkinder.de\/wp-content\/uploads\/2023\/08\/signal-2023-08-16-143844_002-150x150.jpeg\" class=\"attachment-thumbnail size-thumbnail\" alt=\"\" aria-describedby=\"gallery-1-3789\" \/><\/a>\n\t\t\t<\/dt>\n\t\t\t\t<dd class='wp-caption-text gallery-caption' id='gallery-1-3789'>\n\t\t\t\tUnd nun&#8230;.allles neu&#8230;\n\t\t\t\t<\/dd><\/dl><br style=\"clear: both\" \/><dl class='gallery-item'>\n\t\t\t<dt class='gallery-icon landscape'>\n\t\t\t\t<a href='https:\/\/www.ev-fmz-menschenkinder.de\/?attachment_id=3790'><img loading=\"lazy\" decoding=\"async\" width=\"150\" height=\"150\" src=\"https:\/\/www.ev-fmz-menschenkinder.de\/wp-content\/uploads\/2023\/08\/signal-2023-08-16-143844_003-150x150.jpeg\" class=\"attachment-thumbnail size-thumbnail\" alt=\"\" aria-describedby=\"gallery-1-3790\" \/><\/a>\n\t\t\t<\/dt>\n\t\t\t\t<dd class='wp-caption-text gallery-caption' id='gallery-1-3790'>\n\t\t\t\tWundersch\u00f6n gr\u00fcn&#8230;.\n\t\t\t\t<\/dd><\/dl><dl class='gallery-item'>\n\t\t\t<dt class='gallery-icon landscape'>\n\t\t\t\t<a href='https:\/\/www.ev-fmz-menschenkinder.de\/?attachment_id=3791'><img loading=\"lazy\" decoding=\"async\" width=\"150\" height=\"150\" src=\"https:\/\/www.ev-fmz-menschenkinder.de\/wp-content\/uploads\/2023\/08\/signal-2023-08-16-143844_004-150x150.jpeg\" class=\"attachment-thumbnail size-thumbnail\" alt=\"\" aria-describedby=\"gallery-1-3791\" \/><\/a>\n\t\t\t<\/dt>\n\t\t\t\t<dd class='wp-caption-text gallery-caption' id='gallery-1-3791'>\n\t\t\t\tund Bewegungsf\u00f6rdernd, die Kinder lieben es!\n\t\t\t\t<\/dd><\/dl><dl class='gallery-item'>\n\t\t\t<dt class='gallery-icon landscape'>\n\t\t\t\t<a href='https:\/\/www.ev-fmz-menschenkinder.de\/?attachment_id=3785'><img loading=\"lazy\" decoding=\"async\" width=\"150\" height=\"150\" src=\"https:\/\/www.ev-fmz-menschenkinder.de\/wp-content\/uploads\/2023\/08\/image00012-scaled-e1687074978738-1024x582-1-150x150.jpeg\" class=\"attachment-thumbnail size-thumbnail\" alt=\"\" aria-describedby=\"gallery-1-3785\" \/><\/a>\n\t\t\t<\/dt>\n\t\t\t\t<dd class='wp-caption-text gallery-caption' id='gallery-1-3785'>\n\t\t\t\tFotos unseren tollen Einweihungsfeier!\n\t\t\t\t<\/dd><\/dl><br style=\"clear: both\" \/><dl class='gallery-item'>\n\t\t\t<dt class='gallery-icon landscape'>\n\t\t\t\t<a href='https:\/\/www.ev-fmz-menschenkinder.de\/?attachment_id=3784'><img loading=\"lazy\" decoding=\"async\" width=\"150\" height=\"150\" src=\"https:\/\/www.ev-fmz-menschenkinder.de\/wp-content\/uploads\/2023\/08\/a9bb08e4-a882-4e1f-95e1-16111a7e6b24-150x150.jpg\" class=\"attachment-thumbnail size-thumbnail\" alt=\"\" \/><\/a>\n\t\t\t<\/dt><\/dl><dl class='gallery-item'>\n\t\t\t<dt class='gallery-icon landscape'>\n\t\t\t\t<a href='https:\/\/www.ev-fmz-menschenkinder.de\/?attachment_id=3782'><img loading=\"lazy\" decoding=\"async\" width=\"150\" height=\"150\" src=\"https:\/\/www.ev-fmz-menschenkinder.de\/wp-content\/uploads\/2023\/08\/IMG_4256-150x150.jpg\" class=\"attachment-thumbnail size-thumbnail\" alt=\"\" \/><\/a>\n\t\t\t<\/dt><\/dl><dl class='gallery-item'>\n\t\t\t<dt class='gallery-icon portrait'>\n\t\t\t\t<a href='https:\/\/www.ev-fmz-menschenkinder.de\/?attachment_id=3792'><img loading=\"lazy\" decoding=\"async\" width=\"150\" height=\"150\" src=\"https:\/\/www.ev-fmz-menschenkinder.de\/wp-content\/uploads\/2023\/08\/signal-2023-08-10-112446-150x150.jpeg\" class=\"attachment-thumbnail size-thumbnail\" alt=\"\" aria-describedby=\"gallery-1-3792\" \/><\/a>\n\t\t\t<\/dt>\n\t\t\t\t<dd class='wp-caption-text gallery-caption' id='gallery-1-3792'>\n\t\t\t\tUnser Haus Arno &#8211; Danke an die B\u00fcrgerstiftung Sankt Augustin.\n\t\t\t\t<\/dd><\/dl><br style=\"clear: both\" \/>\n\t\t<\/div>\n\n\n\t\t<style type=\"text\/css\">\n\t\t\t#gallery-2 {\n\t\t\t\tmargin: auto;\n\t\t\t}\n\t\t\t#gallery-2 .gallery-item {\n\t\t\t\tfloat: left;\n\t\t\t\tmargin-top: 10px;\n\t\t\t\ttext-align: center;\n\t\t\t\twidth: 33%;\n\t\t\t}\n\t\t\t#gallery-2 img {\n\t\t\t\tborder: 2px solid #cfcfcf;\n\t\t\t}\n\t\t\t#gallery-2 .gallery-caption {\n\t\t\t\tmargin-left: 0;\n\t\t\t}\n\t\t\t\/* see gallery_shortcode() in wp-includes\/media.php *\/\n\t\t<\/style>\n\t\t<div id='gallery-2' class='gallery galleryid-3781 gallery-columns-3 gallery-size-thumbnail'><dl class='gallery-item'>\n\t\t\t<dt class='gallery-icon landscape'>\n\t\t\t\t<a href='https:\/\/www.ev-fmz-menschenkinder.de\/?attachment_id=3794'><img loading=\"lazy\" decoding=\"async\" width=\"150\" height=\"150\" src=\"https:\/\/www.ev-fmz-menschenkinder.de\/wp-content\/uploads\/2023\/08\/signal-2023-07-24-110516_002-150x150.jpeg\" class=\"attachment-thumbnail size-thumbnail\" alt=\"\" aria-describedby=\"gallery-2-3794\" \/><\/a>\n\t\t\t<\/dt>\n\t\t\t\t<dd class='wp-caption-text gallery-caption' id='gallery-2-3794'>\n\t\t\t\tGartenimpressionen\n\t\t\t\t<\/dd><\/dl><dl class='gallery-item'>\n\t\t\t<dt class='gallery-icon landscape'>\n\t\t\t\t<a href='https:\/\/www.ev-fmz-menschenkinder.de\/?attachment_id=3795'><img loading=\"lazy\" decoding=\"async\" width=\"150\" height=\"150\" src=\"https:\/\/www.ev-fmz-menschenkinder.de\/wp-content\/uploads\/2023\/08\/signal-2023-07-24-110516_005-150x150.jpeg\" class=\"attachment-thumbnail size-thumbnail\" alt=\"\" aria-describedby=\"gallery-2-3795\" \/><\/a>\n\t\t\t<\/dt>\n\t\t\t\t<dd class='wp-caption-text gallery-caption' id='gallery-2-3795'>\n\t\t\t\tDanke an die Stiftung Nachbarschaftshilfe\n\t\t\t\t<\/dd><\/dl><dl class='gallery-item'>\n\t\t\t<dt class='gallery-icon landscape'>\n\t\t\t\t<a href='https:\/\/www.ev-fmz-menschenkinder.de\/?attachment_id=3796'><img loading=\"lazy\" decoding=\"async\" width=\"150\" height=\"150\" src=\"https:\/\/www.ev-fmz-menschenkinder.de\/wp-content\/uploads\/2023\/08\/signal-2023-07-24-110516_006-150x150.jpeg\" class=\"attachment-thumbnail size-thumbnail\" alt=\"\" aria-describedby=\"gallery-2-3796\" \/><\/a>\n\t\t\t<\/dt>\n\t\t\t\t<dd class='wp-caption-text gallery-caption' id='gallery-2-3796'>\n\t\t\t\tFa. Gruber (GaLa)\n\t\t\t\t<\/dd><\/dl><br style=\"clear: both\" \/><dl class='gallery-item'>\n\t\t\t<dt class='gallery-icon landscape'>\n\t\t\t\t<a href='https:\/\/www.ev-fmz-menschenkinder.de\/?attachment_id=3797'><img loading=\"lazy\" decoding=\"async\" width=\"150\" height=\"150\" src=\"https:\/\/www.ev-fmz-menschenkinder.de\/wp-content\/uploads\/2023\/08\/signal-2023-07-24-110516_007-150x150.jpeg\" class=\"attachment-thumbnail size-thumbnail\" alt=\"\" aria-describedby=\"gallery-2-3797\" \/><\/a>\n\t\t\t<\/dt>\n\t\t\t\t<dd class='wp-caption-text gallery-caption' id='gallery-2-3797'>\n\t\t\t\tFa. Breuer\n\t\t\t\t<\/dd><\/dl><dl class='gallery-item'>\n\t\t\t<dt class='gallery-icon landscape'>\n\t\t\t\t<a href='https:\/\/www.ev-fmz-menschenkinder.de\/?attachment_id=3798'><img loading=\"lazy\" decoding=\"async\" width=\"150\" height=\"150\" src=\"https:\/\/www.ev-fmz-menschenkinder.de\/wp-content\/uploads\/2023\/08\/signal-2023-07-24-110516_009-150x150.jpeg\" class=\"attachment-thumbnail size-thumbnail\" alt=\"\" aria-describedby=\"gallery-2-3798\" \/><\/a>\n\t\t\t<\/dt>\n\t\t\t\t<dd class='wp-caption-text gallery-caption' id='gallery-2-3798'>\n\t\t\t\tCrowdfunding Stadtwerke Sankt Augustin\n\t\t\t\t<\/dd><\/dl><dl class='gallery-item'>\n\t\t\t<dt class='gallery-icon landscape'>\n\t\t\t\t<a href='https:\/\/www.ev-fmz-menschenkinder.de\/?attachment_id=3799'><img loading=\"lazy\" decoding=\"async\" width=\"150\" height=\"150\" src=\"https:\/\/www.ev-fmz-menschenkinder.de\/wp-content\/uploads\/2023\/08\/signal-2023-07-24-110516_011-150x150.jpeg\" class=\"attachment-thumbnail size-thumbnail\" alt=\"\" aria-describedby=\"gallery-2-3799\" \/><\/a>\n\t\t\t<\/dt>\n\t\t\t\t<dd class='wp-caption-text gallery-caption' id='gallery-2-3799'>\n\t\t\t\tFa. Henrich\n\t\t\t\t<\/dd><\/dl><br style=\"clear: both\" \/><dl class='gallery-item'>\n\t\t\t<dt class='gallery-icon landscape'>\n\t\t\t\t<a href='https:\/\/www.ev-fmz-menschenkinder.de\/?attachment_id=3800'><img loading=\"lazy\" decoding=\"async\" width=\"150\" height=\"150\" src=\"https:\/\/www.ev-fmz-menschenkinder.de\/wp-content\/uploads\/2023\/08\/signal-2023-07-24-110610_003-150x150.jpeg\" class=\"attachment-thumbnail size-thumbnail\" alt=\"\" aria-describedby=\"gallery-2-3800\" \/><\/a>\n\t\t\t<\/dt>\n\t\t\t\t<dd class='wp-caption-text gallery-caption' id='gallery-2-3800'>\n\t\t\t\tund viele mehr.\n\t\t\t\t<\/dd><\/dl><dl class='gallery-item'>\n\t\t\t<dt class='gallery-icon landscape'>\n\t\t\t\t<a href='https:\/\/www.ev-fmz-menschenkinder.de\/?attachment_id=3801'><img loading=\"lazy\" decoding=\"async\" width=\"150\" height=\"150\" src=\"https:\/\/www.ev-fmz-menschenkinder.de\/wp-content\/uploads\/2023\/08\/signal-2023-07-24-110610_004-150x150.jpeg\" class=\"attachment-thumbnail size-thumbnail\" alt=\"\" \/><\/a>\n\t\t\t<\/dt><\/dl>\n\t\t\t<br style='clear: both' \/>\n\t\t<\/div>\n\n<p>&nbsp;<\/p>\n","protected":false},"excerpt":{"rendered":"<p>\u201eIhr sollt frei und fr\u00f6hlich und unbeschwert leben, Ihr sollt spielen, lachen und toben.\u201c So hat es Jesus Christus gewollt, erkl\u00e4rte Pfarrer Tobias Schreiber. Und dazu tr\u00e4gt das neu gestaltete Au\u00dfengel\u00e4nde des Evangelischen Familienzentrums Menschenkinder in Sankt Augustin-Niederpleis bestens bei. Am Samstag haben Kita-Kinder und Geschwister, Eltern und Gro\u00dfeltern, Kita-Team und G\u00e4ste die Neugestaltung gefeiert. [&hellip;]<\/p>\n","protected":false},"author":2,"featured_media":0,"comment_status":"open","ping_status":"open","sticky":false,"template":"","format":"standard","meta":{"footnotes":""},"categories":[1],"tags":[],"class_list":["post-3781","post","type-post","status-publish","format-standard","hentry","category-allgemein"],"_links":{"self":[{"href":"https:\/\/www.ev-fmz-menschenkinder.de\/index.php?rest_route=\/wp\/v2\/posts\/3781","targetHints":{"allow":["GET"]}}],"collection":[{"href":"https:\/\/www.ev-fmz-menschenkinder.de\/index.php?rest_route=\/wp\/v2\/posts"}],"about":[{"href":"https:\/\/www.ev-fmz-menschenkinder.de\/index.php?rest_route=\/wp\/v2\/types\/post"}],"author":[{"embeddable":true,"href":"https:\/\/www.ev-fmz-menschenkinder.de\/index.php?rest_route=\/wp\/v2\/users\/2"}],"replies":[{"embeddable":true,"href":"https:\/\/www.ev-fmz-menschenkinder.de\/index.php?rest_route=%2Fwp%2Fv2%2Fcomments&post=3781"}],"version-history":[{"count":3,"href":"https:\/\/www.ev-fmz-menschenkinder.de\/index.php?rest_route=\/wp\/v2\/posts\/3781\/revisions"}],"predecessor-version":[{"id":3802,"href":"https:\/\/www.ev-fmz-menschenkinder.de\/index.php?rest_route=\/wp\/v2\/posts\/3781\/revisions\/3802"}],"wp:attachment":[{"href":"https:\/\/www.ev-fmz-menschenkinder.de\/index.php?rest_route=%2Fwp%2Fv2%2Fmedia&parent=3781"}],"wp:term":[{"taxonomy":"category","embeddable":true,"href":"https:\/\/www.ev-fmz-menschenkinder.de\/index.php?rest_route=%2Fwp%2Fv2%2Fcategories&post=3781"},{"taxonomy":"post_tag","embeddable":true,"href":"https:\/\/www.ev-fmz-menschenkinder.de\/index.php?rest_route=%2Fwp%2Fv2%2Ftags&post=3781"}],"curies":[{"name":"wp","href":"https:\/\/api.w.org\/{rel}","templated":true}]}}