{"id":3724,"date":"2022-11-24T10:15:57","date_gmt":"2022-11-24T09:15:57","guid":{"rendered":"http:\/\/www.ev-fmz-menschenkinder.de\/?p=3724"},"modified":"2022-12-15T19:22:55","modified_gmt":"2022-12-15T18:22:55","slug":"3724","status":"publish","type":"post","link":"https:\/\/www.ev-fmz-menschenkinder.de\/?p=3724","title":{"rendered":"Wir brauchen eure Hilfe&#8230;..unsere Kinder brauchen ein neues Au\u00dfengel\u00e4nde!"},"content":{"rendered":"<p><strong>Heute geht es endlich los!<\/strong><\/p>\n<p>&nbsp;<\/p>\n<p>Unser gro\u00dfes\u00a0<strong>Crowdfunding-Projekt zur Mitfinanzierung unseres Au\u00dfengel\u00e4ndes<\/strong>\u00a0startet.<\/p>\n<p>Wir haben in den letzten Wochen eine Website aufgebaut, auf der das Spenden ganz einfach geht.<\/p>\n<p><strong>Gerne darf der Spendenaufruf sehr weit gestreut werden.<\/strong><\/p>\n<p><strong>Teilt es mit all euren Freunden, Bekannten und wer euch sonst noch in den Sinn kommt<\/strong>.<\/p>\n<p>Vielleicht arbeitet ja der ein oder andere in einem Unternehmen, das sich gerne gegen Spendenquittung an unserem Projekt beteiligen m\u00f6chte.<\/p>\n<p><strong>Alle wichtigen Infos findet ihr hier<\/strong>:<\/p>\n<p><a href=\"https:\/\/www.ev-fmz-menschenkinder.de\/wp-content\/uploads\/2022\/11\/IMG_2006-1.jpg\"><img loading=\"lazy\" decoding=\"async\" class=\"wp-image-3721 alignnone\" src=\"https:\/\/www.ev-fmz-menschenkinder.de\/wp-content\/uploads\/2022\/11\/IMG_2006-1.jpg\" alt=\"\" width=\"458\" height=\"639\" srcset=\"https:\/\/www.ev-fmz-menschenkinder.de\/wp-content\/uploads\/2022\/11\/IMG_2006-1.jpg 1170w, https:\/\/www.ev-fmz-menschenkinder.de\/wp-content\/uploads\/2022\/11\/IMG_2006-1-215x300.jpg 215w, https:\/\/www.ev-fmz-menschenkinder.de\/wp-content\/uploads\/2022\/11\/IMG_2006-1-734x1024.jpg 734w, https:\/\/www.ev-fmz-menschenkinder.de\/wp-content\/uploads\/2022\/11\/IMG_2006-1-768x1071.jpg 768w, https:\/\/www.ev-fmz-menschenkinder.de\/wp-content\/uploads\/2022\/11\/IMG_2006-1-1101x1536.jpg 1101w\" sizes=\"auto, (max-width: 458px) 100vw, 458px\" \/><\/a><\/p>\n<p><a href=\"https:\/\/www.sankt-augustin-crowd.de\/menschenkinder\">https:\/\/www.sankt-augustin-crowd.de\/menschenkinder<\/a><\/p>\n<p><strong>Und auch hier noch einmal der Aufruf:<\/strong><\/p>\n<p>Wenn jemand Kontakte zu\u00a0<strong>Bauunternehmen<\/strong>,\u00a0<strong>Menschen, die einen Minibagger besitzen<\/strong>,\u00a0<strong>Landschaftsbauer<\/strong>,\u00a0<strong>Baustoffh\u00e4ndler<\/strong>,\u00a0<strong>Abfallentsorger<\/strong>\u00a0f\u00fcr unsere Betonr\u00f6hre und\u00a0Zisterne\u00a0und ggf. Erdreich o.\u00e4. hat\u00a0gerne\u00a0bei mir melden oder unsere Kontaktdaten weitergeben.<\/p>\n<p><strong>Am 17. M\u00e4rz 2023 wird unser Au\u00dfengel\u00e4nde umgebaut. Wir ben\u00f6tigen viele helfende H\u00e4nde.<\/strong><br \/>\nWir beginnen um 10 Uhr und h\u00f6ren, laut dem Bauleiter Herr J\u00fcrgensen auch erst auf, wenn alles fertig ist&#8230;.wir sind gespannt!<\/p>\n<p>Im Anhang findet ihr auch die Zeichnungen, wie es einmal werden soll.<\/p>\n<p>Wer noch Fragen hat, kann sich gerne an mich, das Team oder den Elternrat wenden.<\/p>\n<p><strong>Vielen Dank f\u00fcr eure Unterst\u00fctzung!<\/strong><\/p>\n<p>&nbsp;<\/p>\n<p>Und so wird hoffentlich dann am 18. M\u00e4rz alles aussehen \ud83d\ude42<\/p>\n<p><a href=\"https:\/\/www.ev-fmz-menschenkinder.de\/wp-content\/uploads\/2022\/11\/Aussengelaende_U3.jpg\"><img loading=\"lazy\" decoding=\"async\" class=\"alignleft wp-image-3725\" src=\"https:\/\/www.ev-fmz-menschenkinder.de\/wp-content\/uploads\/2022\/11\/Aussengelaende_U3.jpg\" alt=\"\" width=\"607\" height=\"400\" srcset=\"https:\/\/www.ev-fmz-menschenkinder.de\/wp-content\/uploads\/2022\/11\/Aussengelaende_U3.jpg 1285w, https:\/\/www.ev-fmz-menschenkinder.de\/wp-content\/uploads\/2022\/11\/Aussengelaende_U3-300x198.jpg 300w, https:\/\/www.ev-fmz-menschenkinder.de\/wp-content\/uploads\/2022\/11\/Aussengelaende_U3-1024x675.jpg 1024w, https:\/\/www.ev-fmz-menschenkinder.de\/wp-content\/uploads\/2022\/11\/Aussengelaende_U3-768x506.jpg 768w\" sizes=\"auto, (max-width: 607px) 100vw, 607px\" \/><\/a> <a href=\"https:\/\/www.ev-fmz-menschenkinder.de\/wp-content\/uploads\/2022\/11\/Aussengelaende_vorn.jpg\"><img loading=\"lazy\" decoding=\"async\" class=\"alignleft wp-image-3726\" src=\"https:\/\/www.ev-fmz-menschenkinder.de\/wp-content\/uploads\/2022\/11\/Aussengelaende_vorn.jpg\" alt=\"\" width=\"624\" height=\"396\" srcset=\"https:\/\/www.ev-fmz-menschenkinder.de\/wp-content\/uploads\/2022\/11\/Aussengelaende_vorn.jpg 1435w, https:\/\/www.ev-fmz-menschenkinder.de\/wp-content\/uploads\/2022\/11\/Aussengelaende_vorn-300x190.jpg 300w, https:\/\/www.ev-fmz-menschenkinder.de\/wp-content\/uploads\/2022\/11\/Aussengelaende_vorn-1024x650.jpg 1024w, https:\/\/www.ev-fmz-menschenkinder.de\/wp-content\/uploads\/2022\/11\/Aussengelaende_vorn-768x488.jpg 768w\" sizes=\"auto, (max-width: 624px) 100vw, 624px\" \/><\/a><\/p>\n<p>&nbsp;<\/p>\n","protected":false},"excerpt":{"rendered":"<p>Heute geht es endlich los! &nbsp; Unser gro\u00dfes\u00a0Crowdfunding-Projekt zur Mitfinanzierung unseres Au\u00dfengel\u00e4ndes\u00a0startet. Wir haben in den letzten Wochen eine Website aufgebaut, auf der das Spenden ganz einfach geht. Gerne darf der Spendenaufruf sehr weit gestreut werden. Teilt es mit all euren Freunden, Bekannten und wer euch sonst noch in den Sinn kommt. Vielleicht arbeitet ja [&hellip;]<\/p>\n","protected":false},"author":2,"featured_media":0,"comment_status":"open","ping_status":"open","sticky":false,"template":"","format":"standard","meta":{"footnotes":""},"categories":[1,16],"tags":[],"class_list":["post-3724","post","type-post","status-publish","format-standard","hentry","category-allgemein","category-aus-unserer-arbeit"],"_links":{"self":[{"href":"https:\/\/www.ev-fmz-menschenkinder.de\/index.php?rest_route=\/wp\/v2\/posts\/3724","targetHints":{"allow":["GET"]}}],"collection":[{"href":"https:\/\/www.ev-fmz-menschenkinder.de\/index.php?rest_route=\/wp\/v2\/posts"}],"about":[{"href":"https:\/\/www.ev-fmz-menschenkinder.de\/index.php?rest_route=\/wp\/v2\/types\/post"}],"author":[{"embeddable":true,"href":"https:\/\/www.ev-fmz-menschenkinder.de\/index.php?rest_route=\/wp\/v2\/users\/2"}],"replies":[{"embeddable":true,"href":"https:\/\/www.ev-fmz-menschenkinder.de\/index.php?rest_route=%2Fwp%2Fv2%2Fcomments&post=3724"}],"version-history":[{"count":4,"href":"https:\/\/www.ev-fmz-menschenkinder.de\/index.php?rest_route=\/wp\/v2\/posts\/3724\/revisions"}],"predecessor-version":[{"id":3730,"href":"https:\/\/www.ev-fmz-menschenkinder.de\/index.php?rest_route=\/wp\/v2\/posts\/3724\/revisions\/3730"}],"wp:attachment":[{"href":"https:\/\/www.ev-fmz-menschenkinder.de\/index.php?rest_route=%2Fwp%2Fv2%2Fmedia&parent=3724"}],"wp:term":[{"taxonomy":"category","embeddable":true,"href":"https:\/\/www.ev-fmz-menschenkinder.de\/index.php?rest_route=%2Fwp%2Fv2%2Fcategories&post=3724"},{"taxonomy":"post_tag","embeddable":true,"href":"https:\/\/www.ev-fmz-menschenkinder.de\/index.php?rest_route=%2Fwp%2Fv2%2Ftags&post=3724"}],"curies":[{"name":"wp","href":"https:\/\/api.w.org\/{rel}","templated":true}]}}