{"id":3322,"date":"2017-08-10T14:18:11","date_gmt":"2017-08-10T12:18:11","guid":{"rendered":"http:\/\/www.ev-fmz-menschenkinder.de\/?p=3322"},"modified":"2017-08-10T14:22:17","modified_gmt":"2017-08-10T12:22:17","slug":"praktikanten-gesucht","status":"publish","type":"post","link":"https:\/\/www.ev-fmz-menschenkinder.de\/?p=3322","title":{"rendered":"Praktikanten gesucht!!"},"content":{"rendered":"<p>Wir suchen ab sofort oder sp\u00e4ter Praktikanten f\u00fcr einen Zeitraum zwischen 3 Monaten und<br \/>\neinem Jahr, die gerne mit uns arbeiten m\u00f6chten.<br \/>\nIn unserem Ev. Familienzentrum Menschenkinder betreuen wir in 3 Gruppen 45 Kinder von<br \/>\neinem Jahr bis zum Schuleintritt.<br \/>\nUnsere Kita befindet sich in Sankt Augustin-Niederpleis,<br \/>\ndirekt am Busbahnhof Schulzentrum Niederpleis.<br \/>\nDurch ein Praktikum in unserem Familienzentrum bekommst Du die M\u00f6glichkeit unsere Kinder in ihrer Entwicklung zu begleiten, Einblicke in das vielf\u00e4ltige Berufsfeld eines Erziehers<br \/>\nzu bekommen und Dich selbst ausprobieren zu k\u00f6nnen.<\/p>\n<p>Haben wir Dein Interesse geweckt?<\/p>\n<p>Dann ruf uns gern an unter 02241-333939 oder sende uns Deine Bewerbungsunterlagen an kita@ev-fmz-menschenkinder.de.<\/p>\n<p>Wir freuen uns darauf Dich kennen zulernen!<\/p>\n<p><a href=\"https:\/\/www.ev-fmz-menschenkinder.de\/?attachment_id=2689\" rel=\"attachment wp-att-2689\"><img loading=\"lazy\" decoding=\"async\" class=\"alignleft size-full wp-image-2689\" src=\"https:\/\/www.ev-fmz-menschenkinder.de\/wp-content\/uploads\/2013\/01\/Homepage-004.jpg\" alt=\"\" width=\"460\" height=\"353\" srcset=\"https:\/\/www.ev-fmz-menschenkinder.de\/wp-content\/uploads\/2013\/01\/Homepage-004.jpg 460w, https:\/\/www.ev-fmz-menschenkinder.de\/wp-content\/uploads\/2013\/01\/Homepage-004-300x230.jpg 300w\" sizes=\"auto, (max-width: 460px) 100vw, 460px\" \/><\/a><\/p>\n","protected":false},"excerpt":{"rendered":"<p>Wir suchen ab sofort oder sp\u00e4ter Praktikanten f\u00fcr einen Zeitraum zwischen 3 Monaten und einem Jahr, die gerne mit uns arbeiten m\u00f6chten. In unserem Ev. Familienzentrum Menschenkinder betreuen wir in 3 Gruppen 45 Kinder von einem Jahr bis zum Schuleintritt. Unsere Kita befindet sich in Sankt Augustin-Niederpleis, direkt am Busbahnhof Schulzentrum Niederpleis. Durch ein Praktikum [&hellip;]<\/p>\n","protected":false},"author":2,"featured_media":0,"comment_status":"open","ping_status":"open","sticky":false,"template":"","format":"standard","meta":{"footnotes":""},"categories":[1,15,16,39,25,13,22,5],"tags":[94,76],"class_list":["post-3322","post","type-post","status-publish","format-standard","hentry","category-allgemein","category-angebote-fur-eltern-familien","category-aus-unserer-arbeit","category-bautagebuch","category-kindermund","category-spezielle-forderung","category-spielzeugfreier-kindergarten","category-veranstaltungen","tag-onlinetagebuch","tag-schliessungszeiten"],"_links":{"self":[{"href":"https:\/\/www.ev-fmz-menschenkinder.de\/index.php?rest_route=\/wp\/v2\/posts\/3322","targetHints":{"allow":["GET"]}}],"collection":[{"href":"https:\/\/www.ev-fmz-menschenkinder.de\/index.php?rest_route=\/wp\/v2\/posts"}],"about":[{"href":"https:\/\/www.ev-fmz-menschenkinder.de\/index.php?rest_route=\/wp\/v2\/types\/post"}],"author":[{"embeddable":true,"href":"https:\/\/www.ev-fmz-menschenkinder.de\/index.php?rest_route=\/wp\/v2\/users\/2"}],"replies":[{"embeddable":true,"href":"https:\/\/www.ev-fmz-menschenkinder.de\/index.php?rest_route=%2Fwp%2Fv2%2Fcomments&post=3322"}],"version-history":[{"count":2,"href":"https:\/\/www.ev-fmz-menschenkinder.de\/index.php?rest_route=\/wp\/v2\/posts\/3322\/revisions"}],"predecessor-version":[{"id":3324,"href":"https:\/\/www.ev-fmz-menschenkinder.de\/index.php?rest_route=\/wp\/v2\/posts\/3322\/revisions\/3324"}],"wp:attachment":[{"href":"https:\/\/www.ev-fmz-menschenkinder.de\/index.php?rest_route=%2Fwp%2Fv2%2Fmedia&parent=3322"}],"wp:term":[{"taxonomy":"category","embeddable":true,"href":"https:\/\/www.ev-fmz-menschenkinder.de\/index.php?rest_route=%2Fwp%2Fv2%2Fcategories&post=3322"},{"taxonomy":"post_tag","embeddable":true,"href":"https:\/\/www.ev-fmz-menschenkinder.de\/index.php?rest_route=%2Fwp%2Fv2%2Ftags&post=3322"}],"curies":[{"name":"wp","href":"https:\/\/api.w.org\/{rel}","templated":true}]}}