{"id":3261,"date":"2017-04-21T10:04:34","date_gmt":"2017-04-21T08:04:34","guid":{"rendered":"http:\/\/www.ev-fmz-menschenkinder.de\/?p=3261"},"modified":"2017-04-21T10:04:34","modified_gmt":"2017-04-21T08:04:34","slug":"die-ostergeschichten","status":"publish","type":"post","link":"https:\/\/www.ev-fmz-menschenkinder.de\/?p=3261","title":{"rendered":"Die Ostergeschichten"},"content":{"rendered":"<p><strong>Jesus w\u00e4scht den J\u00fcngern die F\u00fcsse<\/strong><\/p>\n<p>&#8220; Seht, ich bin euer Herr.<\/p>\n<p>Und doch habe ich getan, was sonst nur ein Diener tut.<\/p>\n<p>So sollt auch ihr Diener sein und einander dienen.&#8220;<\/p>\n<p>(Quelle Neunkirchener KInder-Bibel)<\/p>\n<p>&nbsp;<\/p>\n<p><a href=\"https:\/\/www.ev-fmz-menschenkinder.de\/?attachment_id=3262\" rel=\"attachment wp-att-3262\"><img loading=\"lazy\" decoding=\"async\" class=\"size-medium wp-image-3262 alignnone\" src=\"https:\/\/www.ev-fmz-menschenkinder.de\/wp-content\/uploads\/2017\/04\/IMG_0322-300x225.jpg\" alt=\"\" width=\"300\" height=\"225\" srcset=\"https:\/\/www.ev-fmz-menschenkinder.de\/wp-content\/uploads\/2017\/04\/IMG_0322-300x225.jpg 300w, https:\/\/www.ev-fmz-menschenkinder.de\/wp-content\/uploads\/2017\/04\/IMG_0322-768x576.jpg 768w, https:\/\/www.ev-fmz-menschenkinder.de\/wp-content\/uploads\/2017\/04\/IMG_0322-1024x768.jpg 1024w\" sizes=\"auto, (max-width: 300px) 100vw, 300px\" \/><\/a><\/p>\n<p>&nbsp;<\/p>\n<p><strong>Jesus feiert das Mahl<\/strong><\/p>\n<p>&#8220; Da nahm Jesus das Brot, dankt Gott, brach es, gab es seinen J\u00fcngern&#8230;<\/p>\n<p>Danach nahm er auch den Becher, dankte Gott, gab ihn seinen J\u00fcngern&#8230;&#8220;<\/p>\n<p>(Quelle Neukirchener Kinder-Bibel)<\/p>\n<p>&nbsp;<\/p>\n<p><a href=\"https:\/\/www.ev-fmz-menschenkinder.de\/?attachment_id=3263\" rel=\"attachment wp-att-3263\"><img loading=\"lazy\" decoding=\"async\" class=\"alignleft size-medium wp-image-3263\" src=\"https:\/\/www.ev-fmz-menschenkinder.de\/wp-content\/uploads\/2017\/04\/IMG_0325-1-300x225.jpg\" alt=\"\" width=\"300\" height=\"225\" srcset=\"https:\/\/www.ev-fmz-menschenkinder.de\/wp-content\/uploads\/2017\/04\/IMG_0325-1-300x225.jpg 300w, https:\/\/www.ev-fmz-menschenkinder.de\/wp-content\/uploads\/2017\/04\/IMG_0325-1-768x576.jpg 768w, https:\/\/www.ev-fmz-menschenkinder.de\/wp-content\/uploads\/2017\/04\/IMG_0325-1-1024x768.jpg 1024w\" sizes=\"auto, (max-width: 300px) 100vw, 300px\" \/><\/a><\/p>\n<p>&nbsp;<\/p>\n<p>&nbsp;<\/p>\n<p>&nbsp;<\/p>\n<p>&nbsp;<\/p>\n<p>&nbsp;<\/p>\n<p>&nbsp;<\/p>\n<p>&nbsp;<\/p>\n<p><strong>Im Garten Gethsemane<\/strong><\/p>\n<p>Jesus betet im Garten Gethsemane.<\/p>\n<p>Er nimmt drei seiner Freunde mit.<\/p>\n<p>Doch sie wachen nicht, sondern schlafen ein.<\/p>\n<p>Jesus betet zu Gott.<\/p>\n<p>Als die Soldaten Jesus verhaften, fliehen seine Freunde nach allen Seiten und lassen ihn allein.<\/p>\n<p>&nbsp;<\/p>\n<p><a href=\"https:\/\/www.ev-fmz-menschenkinder.de\/?attachment_id=3264\" rel=\"attachment wp-att-3264\"><img loading=\"lazy\" decoding=\"async\" class=\"alignleft size-medium wp-image-3264\" src=\"https:\/\/www.ev-fmz-menschenkinder.de\/wp-content\/uploads\/2017\/04\/DSC06869-300x225.jpg\" alt=\"\" width=\"300\" height=\"225\" srcset=\"https:\/\/www.ev-fmz-menschenkinder.de\/wp-content\/uploads\/2017\/04\/DSC06869-300x225.jpg 300w, https:\/\/www.ev-fmz-menschenkinder.de\/wp-content\/uploads\/2017\/04\/DSC06869-768x576.jpg 768w, https:\/\/www.ev-fmz-menschenkinder.de\/wp-content\/uploads\/2017\/04\/DSC06869-1024x768.jpg 1024w, https:\/\/www.ev-fmz-menschenkinder.de\/wp-content\/uploads\/2017\/04\/DSC06869.jpg 2048w\" sizes=\"auto, (max-width: 300px) 100vw, 300px\" \/><\/a><\/p>\n<p>&nbsp;<\/p>\n<p>&nbsp;<\/p>\n<p>&nbsp;<\/p>\n<p>&nbsp;<\/p>\n<p>&nbsp;<\/p>\n<p>&nbsp;<\/p>\n<p>&nbsp;<\/p>\n<p><strong>Jesus wird verh\u00f6rt und sp\u00e4ter von Petrus verleugnet<\/strong><\/p>\n<p>Die Wache brachte Jesus zum Palast des Hohenpriesters. Dort wurde er verh\u00f6rt und gefragt, ob er Gottes Sohn ist.Jesus sagte: &#8220; Ja, du sagst es.&#8220;Der Hohepriester zerriss vor Wut seinen Mantel. Die Menschen bespuckten und schlugen Jesus ins Gesicht. Jesus sagte kein einziges Wort.Vor dem Tor schlich sich Petrus in den Hof. Er wurde dreimal gefragt, ob er nicht ein Freund von Jesus w\u00e4re. Immer sagte er: &#8220; Nein, diesen Mann kenne ich nicht.&#8220; Dann kr\u00e4hte der Hahn dreimal und Petrus erinnerte sich daran, was Jesus zu ihm gesagt hat. Da schlug er die H\u00e4nde vor sein Gesicht und weinte.<\/p>\n<p>&nbsp;<\/p>\n<p><a href=\"https:\/\/www.ev-fmz-menschenkinder.de\/?attachment_id=3265\" rel=\"attachment wp-att-3265\"><img loading=\"lazy\" decoding=\"async\" class=\"alignleft size-medium wp-image-3265\" src=\"https:\/\/www.ev-fmz-menschenkinder.de\/wp-content\/uploads\/2017\/04\/DSC06884-300x225.jpg\" alt=\"\" width=\"300\" height=\"225\" srcset=\"https:\/\/www.ev-fmz-menschenkinder.de\/wp-content\/uploads\/2017\/04\/DSC06884-300x225.jpg 300w, https:\/\/www.ev-fmz-menschenkinder.de\/wp-content\/uploads\/2017\/04\/DSC06884-768x576.jpg 768w, https:\/\/www.ev-fmz-menschenkinder.de\/wp-content\/uploads\/2017\/04\/DSC06884-1024x768.jpg 1024w, https:\/\/www.ev-fmz-menschenkinder.de\/wp-content\/uploads\/2017\/04\/DSC06884.jpg 2048w\" sizes=\"auto, (max-width: 300px) 100vw, 300px\" \/><\/a><\/p>\n<p>&nbsp;<\/p>\n<p>&nbsp;<\/p>\n<p>&nbsp;<\/p>\n<p>&nbsp;<\/p>\n<p>&nbsp;<\/p>\n<p>&nbsp;<\/p>\n<p>&nbsp;<\/p>\n<p><strong>Jesus wird gekreuzigt und erscheint seinen J\u00fcngern<\/strong><\/p>\n<p>Jesus wird verurteilt und muss am Kreuz sterben.Die Menschen setzten Jesus eine Dornenkrone auf den Kopf.<\/p>\n<p>Seine J\u00fcnger sind traurig und machen sich auf den Weg in die n\u00e4chste Stadt. Unterwegs treffen sie einen fremden Mann. Sie unterhalten sich mit ihm und gehen gemeinsam weiter.<\/p>\n<p>Nach einer Weile merken sie, dass es ihnen langsam besser geht. Warum nur ?<\/p>\n<p>Am Abend beim gemeinsamen Essen erkennen sie, dass Jesus sie die ganze Zeit begleitet hat.<\/p>\n<p>Voller Freude erz\u00e4hlen sie es an alle Menschen weiter.<\/p>\n<p><em><strong>Jesus ist auferstanden.<\/strong><\/em><\/p>\n<p><a href=\"https:\/\/www.ev-fmz-menschenkinder.de\/?attachment_id=3266\" rel=\"attachment wp-att-3266\"><img loading=\"lazy\" decoding=\"async\" class=\"alignleft size-medium wp-image-3266\" src=\"https:\/\/www.ev-fmz-menschenkinder.de\/wp-content\/uploads\/2017\/04\/DSC06896-300x225.jpg\" alt=\"\" width=\"300\" height=\"225\" srcset=\"https:\/\/www.ev-fmz-menschenkinder.de\/wp-content\/uploads\/2017\/04\/DSC06896-300x225.jpg 300w, https:\/\/www.ev-fmz-menschenkinder.de\/wp-content\/uploads\/2017\/04\/DSC06896-768x576.jpg 768w, https:\/\/www.ev-fmz-menschenkinder.de\/wp-content\/uploads\/2017\/04\/DSC06896-1024x768.jpg 1024w, https:\/\/www.ev-fmz-menschenkinder.de\/wp-content\/uploads\/2017\/04\/DSC06896.jpg 2048w\" sizes=\"auto, (max-width: 300px) 100vw, 300px\" \/><\/a>\u00a0\u00a0 <a href=\"https:\/\/www.ev-fmz-menschenkinder.de\/?attachment_id=3267\" rel=\"attachment wp-att-3267\"><img loading=\"lazy\" decoding=\"async\" class=\"alignleft wp-image-3267 size-medium\" src=\"https:\/\/www.ev-fmz-menschenkinder.de\/wp-content\/uploads\/2017\/04\/DSC06898-e1492761572216-225x300.jpg\" alt=\"\" width=\"225\" height=\"300\" srcset=\"https:\/\/www.ev-fmz-menschenkinder.de\/wp-content\/uploads\/2017\/04\/DSC06898-e1492761572216-225x300.jpg 225w, https:\/\/www.ev-fmz-menschenkinder.de\/wp-content\/uploads\/2017\/04\/DSC06898-e1492761572216-768x1024.jpg 768w, https:\/\/www.ev-fmz-menschenkinder.de\/wp-content\/uploads\/2017\/04\/DSC06898-e1492761572216.jpg 1536w\" sizes=\"auto, (max-width: 225px) 100vw, 225px\" \/><\/a><\/p>\n<p>&nbsp;<\/p>\n<p>&nbsp;<\/p>\n","protected":false},"excerpt":{"rendered":"<p>Jesus w\u00e4scht den J\u00fcngern die F\u00fcsse &#8220; Seht, ich bin euer Herr. Und doch habe ich getan, was sonst nur ein Diener tut. So sollt auch ihr Diener sein und einander dienen.&#8220; (Quelle Neunkirchener KInder-Bibel) &nbsp; &nbsp; Jesus feiert das Mahl &#8220; Da nahm Jesus das Brot, dankt Gott, brach es, gab es seinen J\u00fcngern&#8230; [&hellip;]<\/p>\n","protected":false},"author":2,"featured_media":0,"comment_status":"open","ping_status":"open","sticky":false,"template":"","format":"standard","meta":{"footnotes":""},"categories":[16],"tags":[71,94],"class_list":["post-3261","post","type-post","status-publish","format-standard","hentry","category-aus-unserer-arbeit","tag-bibeltreff","tag-onlinetagebuch"],"_links":{"self":[{"href":"https:\/\/www.ev-fmz-menschenkinder.de\/index.php?rest_route=\/wp\/v2\/posts\/3261","targetHints":{"allow":["GET"]}}],"collection":[{"href":"https:\/\/www.ev-fmz-menschenkinder.de\/index.php?rest_route=\/wp\/v2\/posts"}],"about":[{"href":"https:\/\/www.ev-fmz-menschenkinder.de\/index.php?rest_route=\/wp\/v2\/types\/post"}],"author":[{"embeddable":true,"href":"https:\/\/www.ev-fmz-menschenkinder.de\/index.php?rest_route=\/wp\/v2\/users\/2"}],"replies":[{"embeddable":true,"href":"https:\/\/www.ev-fmz-menschenkinder.de\/index.php?rest_route=%2Fwp%2Fv2%2Fcomments&post=3261"}],"version-history":[{"count":1,"href":"https:\/\/www.ev-fmz-menschenkinder.de\/index.php?rest_route=\/wp\/v2\/posts\/3261\/revisions"}],"predecessor-version":[{"id":3268,"href":"https:\/\/www.ev-fmz-menschenkinder.de\/index.php?rest_route=\/wp\/v2\/posts\/3261\/revisions\/3268"}],"wp:attachment":[{"href":"https:\/\/www.ev-fmz-menschenkinder.de\/index.php?rest_route=%2Fwp%2Fv2%2Fmedia&parent=3261"}],"wp:term":[{"taxonomy":"category","embeddable":true,"href":"https:\/\/www.ev-fmz-menschenkinder.de\/index.php?rest_route=%2Fwp%2Fv2%2Fcategories&post=3261"},{"taxonomy":"post_tag","embeddable":true,"href":"https:\/\/www.ev-fmz-menschenkinder.de\/index.php?rest_route=%2Fwp%2Fv2%2Ftags&post=3261"}],"curies":[{"name":"wp","href":"https:\/\/api.w.org\/{rel}","templated":true}]}}