{"id":3032,"date":"2017-02-02T14:57:14","date_gmt":"2017-02-02T13:57:14","guid":{"rendered":"http:\/\/www.ev-fmz-menschenkinder.de\/?p=3032"},"modified":"2017-08-16T07:47:38","modified_gmt":"2017-08-16T05:47:38","slug":"unser-neuer-elterntreff","status":"publish","type":"post","link":"https:\/\/www.ev-fmz-menschenkinder.de\/?p=3032","title":{"rendered":"Unser neuer Elterntreff"},"content":{"rendered":"<p>Termine f\u00fcr den Elterntreff zweites Halbjahr 2017:<\/p>\n<table width=\"551\">\n<tbody>\n<tr>\n<td width=\"154\">16.08., 16:00 Uhr<\/td>\n<td width=\"118\"><\/td>\n<td width=\"128\"><\/td>\n<td width=\"151\"><\/td>\n<\/tr>\n<tr>\n<td>07.09., 08:00 Uhr<\/td>\n<td><\/td>\n<td><\/td>\n<td><\/td>\n<\/tr>\n<tr>\n<td>20.09., 16:00 Uhr<\/td>\n<td><\/td>\n<td><\/td>\n<td><\/td>\n<\/tr>\n<tr>\n<td>05.10.,\u00a008:00 Uhr<\/td>\n<td><\/td>\n<td><\/td>\n<td><\/td>\n<\/tr>\n<tr>\n<td>18.10.,\u00a016:00 Uhr<\/td>\n<td><\/td>\n<td><\/td>\n<td><\/td>\n<\/tr>\n<tr>\n<td>07.12.,\u00a008:00 Uhr<\/td>\n<td><\/td>\n<td><\/td>\n<td><\/td>\n<\/tr>\n<tr>\n<td>20.12.,\u00a016:00 Uhr<\/td>\n<td><\/td>\n<td><\/td>\n<td><\/td>\n<\/tr>\n<tr>\n<td><\/td>\n<td><\/td>\n<td><\/td>\n<td><\/td>\n<\/tr>\n<tr>\n<td><\/td>\n<td><\/td>\n<td><\/td>\n<td><\/td>\n<\/tr>\n<tr>\n<td><\/td>\n<td><\/td>\n<td><\/td>\n<td><\/td>\n<\/tr>\n<tr>\n<td><\/td>\n<td><\/td>\n<td><\/td>\n<td><\/td>\n<\/tr>\n<tr>\n<td><\/td>\n<td><\/td>\n<td><\/td>\n<td><\/td>\n<\/tr>\n<tr>\n<td><\/td>\n<td><\/td>\n<td><\/td>\n<td><\/td>\n<\/tr>\n<\/tbody>\n<\/table>\n<p>&nbsp;<\/p>\n<p>&nbsp;<\/p>\n<p>Nach einer kleinen Pause fand am 18.01.2017 mit einem neuen Konzept der Elterntreff statt.<\/p>\n<p>Zusammen mit der Kita, dem Elternrat, ehemaligen Eltern und dem Tr\u00e4ger wurde das neue Konzept des Elterntreffs beschlossen.<\/p>\n<p><a href=\"https:\/\/www.ev-fmz-menschenkinder.de\/?attachment_id=3082\" rel=\"attachment wp-att-3082\"><img loading=\"lazy\" decoding=\"async\" class=\"alignleft wp-image-3082\" src=\"https:\/\/www.ev-fmz-menschenkinder.de\/wp-content\/uploads\/2017\/02\/Elterntreff1-1024x576.jpg\" alt=\"\" width=\"293\" height=\"165\" srcset=\"https:\/\/www.ev-fmz-menschenkinder.de\/wp-content\/uploads\/2017\/02\/Elterntreff1-1024x576.jpg 1024w, https:\/\/www.ev-fmz-menschenkinder.de\/wp-content\/uploads\/2017\/02\/Elterntreff1-300x169.jpg 300w, https:\/\/www.ev-fmz-menschenkinder.de\/wp-content\/uploads\/2017\/02\/Elterntreff1-768x432.jpg 768w, https:\/\/www.ev-fmz-menschenkinder.de\/wp-content\/uploads\/2017\/02\/Elterntreff1.jpg 1328w\" sizes=\"auto, (max-width: 293px) 100vw, 293px\" \/><\/a><\/p>\n<p>&nbsp;<\/p>\n<p>Und wie man sieht mit vollem Erfolg. Viele Eltern kamen vorbei, um mit anderen Eltern ein Pl\u00e4uschchen zu halten, Erfahrungen auszutauschen und das alles in einer geselligen Runde.<br \/>\n<a href=\"https:\/\/www.ev-fmz-menschenkinder.de\/?attachment_id=3081\" rel=\"attachment wp-att-3081\"><img loading=\"lazy\" decoding=\"async\" class=\"alignleft wp-image-3081\" src=\"https:\/\/www.ev-fmz-menschenkinder.de\/wp-content\/uploads\/2017\/02\/Elterntreff-1024x576.jpg\" alt=\"\" width=\"292\" height=\"164\" srcset=\"https:\/\/www.ev-fmz-menschenkinder.de\/wp-content\/uploads\/2017\/02\/Elterntreff-1024x576.jpg 1024w, https:\/\/www.ev-fmz-menschenkinder.de\/wp-content\/uploads\/2017\/02\/Elterntreff-300x169.jpg 300w, https:\/\/www.ev-fmz-menschenkinder.de\/wp-content\/uploads\/2017\/02\/Elterntreff-768x432.jpg 768w, https:\/\/www.ev-fmz-menschenkinder.de\/wp-content\/uploads\/2017\/02\/Elterntreff.jpg 1328w\" sizes=\"auto, (max-width: 292px) 100vw, 292px\" \/><\/a><\/p>\n<p>Nat\u00fcrlich durften die Kinder nicht fehlen.<\/p>\n<p>Die Eltern haben es gerne angenommen.<\/p>\n<p>F\u00fcr das leibliche Wohl waren die Eltern selbst verantwortlich. Aber auch dies war f\u00fcr die Eltern selbstverst\u00e4ndlich, eine Kleinigkeit mitzubringen, sodass es nicht an Kuchen, Pl\u00e4tzchen, Snacks und Getr\u00e4nken fehlte.<\/p>\n<p>Jeden 1. Donnerstag im Monat um 08:00 Uhr und jeden dritten Mittwoch um 16:00 Uhr findet der Elterntreff statt.<\/p>\n<p>Wir hei\u00dfen euch Eltern herzlich willkommen, auch gerne Eltern, die keine Kinder in unserer Einrichtung haben.<\/p>\n<p>Wir freuen uns, euch hier zu sehen.<\/p>\n<p>F\u00fcr den Elternrat,<\/p>\n<p>Olga Konrad<br \/>\nDie Termine und M\u00f6glichkeiten der Mithilfe entnehmen Sie bitte dem Flyer.<\/p>\n<p><a href=\"https:\/\/www.ev-fmz-menschenkinder.de\/?attachment_id=3034\" rel=\"attachment wp-att-3034\"><img loading=\"lazy\" decoding=\"async\" class=\"aligncenter size-large wp-image-3034\" src=\"https:\/\/www.ev-fmz-menschenkinder.de\/wp-content\/uploads\/2017\/02\/elterntreff1-e1486042363468-1024x745.jpg\" alt=\"\" width=\"630\" height=\"458\" srcset=\"https:\/\/www.ev-fmz-menschenkinder.de\/wp-content\/uploads\/2017\/02\/elterntreff1-e1486042363468-1024x745.jpg 1024w, https:\/\/www.ev-fmz-menschenkinder.de\/wp-content\/uploads\/2017\/02\/elterntreff1-e1486042363468-300x218.jpg 300w, https:\/\/www.ev-fmz-menschenkinder.de\/wp-content\/uploads\/2017\/02\/elterntreff1-e1486042363468-768x558.jpg 768w\" sizes=\"auto, (max-width: 630px) 100vw, 630px\" \/><\/a><\/p>\n<p><a href=\"https:\/\/www.ev-fmz-menschenkinder.de\/?attachment_id=3035\" rel=\"attachment wp-att-3035\"><img loading=\"lazy\" decoding=\"async\" class=\"aligncenter size-large wp-image-3035\" src=\"https:\/\/www.ev-fmz-menschenkinder.de\/wp-content\/uploads\/2017\/02\/Elterntreff2-e1486042373872-1024x745.jpg\" alt=\"\" width=\"630\" height=\"458\" srcset=\"https:\/\/www.ev-fmz-menschenkinder.de\/wp-content\/uploads\/2017\/02\/Elterntreff2-e1486042373872-1024x745.jpg 1024w, https:\/\/www.ev-fmz-menschenkinder.de\/wp-content\/uploads\/2017\/02\/Elterntreff2-e1486042373872-300x218.jpg 300w, https:\/\/www.ev-fmz-menschenkinder.de\/wp-content\/uploads\/2017\/02\/Elterntreff2-e1486042373872-768x558.jpg 768w\" sizes=\"auto, (max-width: 630px) 100vw, 630px\" \/><\/a><\/p>\n","protected":false},"excerpt":{"rendered":"<p>Termine f\u00fcr den Elterntreff zweites Halbjahr 2017: 16.08., 16:00 Uhr 07.09., 08:00 Uhr 20.09., 16:00 Uhr 05.10.,\u00a008:00 Uhr 18.10.,\u00a016:00 Uhr 07.12.,\u00a008:00 Uhr 20.12.,\u00a016:00 Uhr &nbsp; &nbsp; Nach einer kleinen Pause fand am 18.01.2017 mit einem neuen Konzept der Elterntreff statt. Zusammen mit der Kita, dem Elternrat, ehemaligen Eltern und dem Tr\u00e4ger wurde das neue Konzept [&hellip;]<\/p>\n","protected":false},"author":2,"featured_media":0,"comment_status":"open","ping_status":"open","sticky":false,"template":"","format":"standard","meta":{"footnotes":""},"categories":[1,15,16],"tags":[8,101],"class_list":["post-3032","post","type-post","status-publish","format-standard","hentry","category-allgemein","category-angebote-fur-eltern-familien","category-aus-unserer-arbeit","tag-elterncafe","tag-elterntreff"],"_links":{"self":[{"href":"https:\/\/www.ev-fmz-menschenkinder.de\/index.php?rest_route=\/wp\/v2\/posts\/3032","targetHints":{"allow":["GET"]}}],"collection":[{"href":"https:\/\/www.ev-fmz-menschenkinder.de\/index.php?rest_route=\/wp\/v2\/posts"}],"about":[{"href":"https:\/\/www.ev-fmz-menschenkinder.de\/index.php?rest_route=\/wp\/v2\/types\/post"}],"author":[{"embeddable":true,"href":"https:\/\/www.ev-fmz-menschenkinder.de\/index.php?rest_route=\/wp\/v2\/users\/2"}],"replies":[{"embeddable":true,"href":"https:\/\/www.ev-fmz-menschenkinder.de\/index.php?rest_route=%2Fwp%2Fv2%2Fcomments&post=3032"}],"version-history":[{"count":7,"href":"https:\/\/www.ev-fmz-menschenkinder.de\/index.php?rest_route=\/wp\/v2\/posts\/3032\/revisions"}],"predecessor-version":[{"id":3334,"href":"https:\/\/www.ev-fmz-menschenkinder.de\/index.php?rest_route=\/wp\/v2\/posts\/3032\/revisions\/3334"}],"wp:attachment":[{"href":"https:\/\/www.ev-fmz-menschenkinder.de\/index.php?rest_route=%2Fwp%2Fv2%2Fmedia&parent=3032"}],"wp:term":[{"taxonomy":"category","embeddable":true,"href":"https:\/\/www.ev-fmz-menschenkinder.de\/index.php?rest_route=%2Fwp%2Fv2%2Fcategories&post=3032"},{"taxonomy":"post_tag","embeddable":true,"href":"https:\/\/www.ev-fmz-menschenkinder.de\/index.php?rest_route=%2Fwp%2Fv2%2Ftags&post=3032"}],"curies":[{"name":"wp","href":"https:\/\/api.w.org\/{rel}","templated":true}]}}