{"id":2836,"date":"2016-03-11T11:58:24","date_gmt":"2016-03-11T10:58:24","guid":{"rendered":"http:\/\/www.ev-fmz-menschenkinder.de\/?p=2836"},"modified":"2019-01-17T15:27:55","modified_gmt":"2019-01-17T14:27:55","slug":"07-11-maerz-2016-4-woche-der-spielzeugfreien-zeit","status":"publish","type":"post","link":"https:\/\/www.ev-fmz-menschenkinder.de\/?p=2836","title":{"rendered":"07. &#8211; 11. M\u00e4rz 2016 &#8211; 4. Woche der spielzeugfreien Zeit"},"content":{"rendered":"<p>Wir l\u00e4uten mit dem Montag nun die 4.Woche unserer spielzeugfreien Zeit ein.<\/p>\n<p>Am Montag war was los in der Indianergruppe&#8230;<\/p>\n<p>Es stand der Fr\u00fchjahrsputz an:<\/p>\n<p><a href=\"https:\/\/www.ev-fmz-menschenkinder.de\/?attachment_id=2838\" rel=\"attachment wp-att-2838\"><img loading=\"lazy\" decoding=\"async\" class=\"alignleft size-medium wp-image-2838\" src=\"https:\/\/www.ev-fmz-menschenkinder.de\/wp-content\/uploads\/2016\/03\/P1080015-300x225.jpg\" alt=\"P1080015\" width=\"300\" height=\"225\" srcset=\"https:\/\/www.ev-fmz-menschenkinder.de\/wp-content\/uploads\/2016\/03\/P1080015-300x225.jpg 300w, https:\/\/www.ev-fmz-menschenkinder.de\/wp-content\/uploads\/2016\/03\/P1080015-768x576.jpg 768w, https:\/\/www.ev-fmz-menschenkinder.de\/wp-content\/uploads\/2016\/03\/P1080015-1024x768.jpg 1024w\" sizes=\"auto, (max-width: 300px) 100vw, 300px\" \/><br \/>\n<\/a><\/p>\n<p>&nbsp;<\/p>\n<p>&nbsp;<\/p>\n<p>&nbsp;<\/p>\n<p>&nbsp;<\/p>\n<p>&nbsp;<\/p>\n<p>&nbsp;<\/p>\n<p>&nbsp;<\/p>\n<p>Die R\u00e4uberkinder sind richtige H\u00f6hlenbauer und -forscher.<\/p>\n<p>Es werden immer dunklere Bauten gestaltet und auch als R\u00fcckzugsm\u00f6glichkeit gerne genutzt.<\/p>\n<p>Mittwochs fand dann die gern besuchte Tigergruppe wieder statt.<\/p>\n<p>Es wurde geschaukelt was das Zeug h\u00e4lt!<\/p>\n<p>Krankenhaus Indianergruppe: Frau Doktor bereitet sich auf die OP vor! \ud83d\ude42<\/p>\n<p>&nbsp;<\/p>\n<p>Am Freitag gab es dann in der Indianergruppe ein leckeres und gesundes Fr\u00fchst\u00fcck.<\/p>\n<p>&nbsp;<\/p>\n<p>&nbsp;<\/p>\n","protected":false},"excerpt":{"rendered":"<p>Wir l\u00e4uten mit dem Montag nun die 4.Woche unserer spielzeugfreien Zeit ein. Am Montag war was los in der Indianergruppe&#8230; Es stand der Fr\u00fchjahrsputz an: &nbsp; &nbsp; &nbsp; &nbsp; &nbsp; &nbsp; &nbsp; Die R\u00e4uberkinder sind richtige H\u00f6hlenbauer und -forscher. Es werden immer dunklere Bauten gestaltet und auch als R\u00fcckzugsm\u00f6glichkeit gerne genutzt. Mittwochs fand dann die [&hellip;]<\/p>\n","protected":false},"author":2,"featured_media":0,"comment_status":"open","ping_status":"open","sticky":false,"template":"","format":"standard","meta":{"footnotes":""},"categories":[16,22],"tags":[18,94,23],"class_list":["post-2836","post","type-post","status-publish","format-standard","hentry","category-aus-unserer-arbeit","category-spielzeugfreier-kindergarten","tag-kinderparlament","tag-onlinetagebuch","tag-spielzeugfrei"],"_links":{"self":[{"href":"https:\/\/www.ev-fmz-menschenkinder.de\/index.php?rest_route=\/wp\/v2\/posts\/2836","targetHints":{"allow":["GET"]}}],"collection":[{"href":"https:\/\/www.ev-fmz-menschenkinder.de\/index.php?rest_route=\/wp\/v2\/posts"}],"about":[{"href":"https:\/\/www.ev-fmz-menschenkinder.de\/index.php?rest_route=\/wp\/v2\/types\/post"}],"author":[{"embeddable":true,"href":"https:\/\/www.ev-fmz-menschenkinder.de\/index.php?rest_route=\/wp\/v2\/users\/2"}],"replies":[{"embeddable":true,"href":"https:\/\/www.ev-fmz-menschenkinder.de\/index.php?rest_route=%2Fwp%2Fv2%2Fcomments&post=2836"}],"version-history":[{"count":2,"href":"https:\/\/www.ev-fmz-menschenkinder.de\/index.php?rest_route=\/wp\/v2\/posts\/2836\/revisions"}],"predecessor-version":[{"id":3486,"href":"https:\/\/www.ev-fmz-menschenkinder.de\/index.php?rest_route=\/wp\/v2\/posts\/2836\/revisions\/3486"}],"wp:attachment":[{"href":"https:\/\/www.ev-fmz-menschenkinder.de\/index.php?rest_route=%2Fwp%2Fv2%2Fmedia&parent=2836"}],"wp:term":[{"taxonomy":"category","embeddable":true,"href":"https:\/\/www.ev-fmz-menschenkinder.de\/index.php?rest_route=%2Fwp%2Fv2%2Fcategories&post=2836"},{"taxonomy":"post_tag","embeddable":true,"href":"https:\/\/www.ev-fmz-menschenkinder.de\/index.php?rest_route=%2Fwp%2Fv2%2Ftags&post=2836"}],"curies":[{"name":"wp","href":"https:\/\/api.w.org\/{rel}","templated":true}]}}