{"id":2802,"date":"2016-02-29T21:34:01","date_gmt":"2016-02-29T20:34:01","guid":{"rendered":"http:\/\/www.ev-fmz-menschenkinder.de\/?p=2802"},"modified":"2019-01-17T15:30:27","modified_gmt":"2019-01-17T14:30:27","slug":"22-26-februar-2016-2-woche-der-spielzeugfreien-zeit","status":"publish","type":"post","link":"https:\/\/www.ev-fmz-menschenkinder.de\/?p=2802","title":{"rendered":"22. &#8211; 26. Februar 2016 &#8211; 2. Woche der Spielzeugfreien Zeit"},"content":{"rendered":"<p>Woche 2 ist jetzt auch schon vorbei.<\/p>\n<p>In dieser Woche wurden die Kinderparlamente in der Pirateninsel und der R\u00e4uberh\u00f6hle gew\u00e4hlt.<\/p>\n<p>Doch auch die Indianerkinder sind beteiligt. Einmal in der Woche werden wir eine Kindergarten-<\/p>\n<p>Vollversammlung abhalten. Dort zeigen uns dann alle Gruppen, was in der letzten Woche passiert ist.<\/p>\n<p>Unsere erste Vollversammlung war ein gro\u00dfer Erfolg.<\/p>\n<p>Selbst die Kleinsten waren mit Eifer dabei und haben sich auf den Fotos, die wir mit einem Beamer gezeigt haben, wieder erkannt.<\/p>\n<p>In den Gruppen selbst l\u00e4uft es gut weiter. Die Kinder sind noch immer begeistert und jeden Tag kommen neue Ideen dazu.<\/p>\n<p>Au\u00dferdem waren nat\u00fcrlich unsere K\u00fcken f\u00fcr die Kinder von enorm gro\u00dfer Wichtigkeit..<\/p>\n<p>Hier wieder einige Fotos aus den Gruppen:<\/p>\n\n\t\t<style type=\"text\/css\">\n\t\t\t#gallery-1 {\n\t\t\t\tmargin: auto;\n\t\t\t}\n\t\t\t#gallery-1 .gallery-item {\n\t\t\t\tfloat: left;\n\t\t\t\tmargin-top: 10px;\n\t\t\t\ttext-align: center;\n\t\t\t\twidth: 33%;\n\t\t\t}\n\t\t\t#gallery-1 img {\n\t\t\t\tborder: 2px solid #cfcfcf;\n\t\t\t}\n\t\t\t#gallery-1 .gallery-caption {\n\t\t\t\tmargin-left: 0;\n\t\t\t}\n\t\t\t\/* see gallery_shortcode() in wp-includes\/media.php *\/\n\t\t<\/style>\n\t\t<div id='gallery-1' class='gallery galleryid-2802 gallery-columns-3 gallery-size-thumbnail'><dl class='gallery-item'>\n\t\t\t<dt class='gallery-icon landscape'>\n\t\t\t\t<a href='https:\/\/www.ev-fmz-menschenkinder.de\/?attachment_id=2805'><img loading=\"lazy\" decoding=\"async\" width=\"150\" height=\"150\" src=\"https:\/\/www.ev-fmz-menschenkinder.de\/wp-content\/uploads\/2016\/02\/P1070798-150x150.jpg\" class=\"attachment-thumbnail size-thumbnail\" alt=\"\" aria-describedby=\"gallery-1-2805\" \/><\/a>\n\t\t\t<\/dt>\n\t\t\t\t<dd class='wp-caption-text gallery-caption' id='gallery-1-2805'>\n\t\t\t\tEin Vorwerk-K\u00fcken.\n\t\t\t\t<\/dd><\/dl><dl class='gallery-item'>\n\t\t\t<dt class='gallery-icon landscape'>\n\t\t\t\t<a href='https:\/\/www.ev-fmz-menschenkinder.de\/?attachment_id=2808'><img loading=\"lazy\" decoding=\"async\" width=\"150\" height=\"150\" src=\"https:\/\/www.ev-fmz-menschenkinder.de\/wp-content\/uploads\/2016\/02\/P1070808-150x150.jpg\" class=\"attachment-thumbnail size-thumbnail\" alt=\"\" aria-describedby=\"gallery-1-2808\" \/><\/a>\n\t\t\t<\/dt>\n\t\t\t\t<dd class='wp-caption-text gallery-caption' id='gallery-1-2808'>\n\t\t\t\tUnser Kaufmannsladen.\n\t\t\t\t<\/dd><\/dl><dl class='gallery-item'>\n\t\t\t<dt class='gallery-icon landscape'>\n\t\t\t\t<a href='https:\/\/www.ev-fmz-menschenkinder.de\/?attachment_id=2809'><img loading=\"lazy\" decoding=\"async\" width=\"150\" height=\"150\" src=\"https:\/\/www.ev-fmz-menschenkinder.de\/wp-content\/uploads\/2016\/02\/P1070823-150x150.jpg\" class=\"attachment-thumbnail size-thumbnail\" alt=\"\" aria-describedby=\"gallery-1-2809\" \/><\/a>\n\t\t\t<\/dt>\n\t\t\t\t<dd class='wp-caption-text gallery-caption' id='gallery-1-2809'>\n\t\t\t\tNach dem Plantschen am Waschbecken kann man Wasserspuren hinterlassen.\n\t\t\t\t<\/dd><\/dl><br style=\"clear: both\" \/><dl class='gallery-item'>\n\t\t\t<dt class='gallery-icon landscape'>\n\t\t\t\t<a href='https:\/\/www.ev-fmz-menschenkinder.de\/?attachment_id=2810'><img loading=\"lazy\" decoding=\"async\" width=\"150\" height=\"150\" src=\"https:\/\/www.ev-fmz-menschenkinder.de\/wp-content\/uploads\/2016\/02\/P1070829-150x150.jpg\" class=\"attachment-thumbnail size-thumbnail\" alt=\"\" aria-describedby=\"gallery-1-2810\" \/><\/a>\n\t\t\t<\/dt>\n\t\t\t\t<dd class='wp-caption-text gallery-caption' id='gallery-1-2810'>\n\t\t\t\tKinder in der Kiste.\n\t\t\t\t<\/dd><\/dl><dl class='gallery-item'>\n\t\t\t<dt class='gallery-icon landscape'>\n\t\t\t\t<a href='https:\/\/www.ev-fmz-menschenkinder.de\/?attachment_id=2812'><img loading=\"lazy\" decoding=\"async\" width=\"150\" height=\"150\" src=\"https:\/\/www.ev-fmz-menschenkinder.de\/wp-content\/uploads\/2016\/02\/DSC04450-150x150.jpg\" class=\"attachment-thumbnail size-thumbnail\" alt=\"\" aria-describedby=\"gallery-1-2812\" \/><\/a>\n\t\t\t<\/dt>\n\t\t\t\t<dd class='wp-caption-text gallery-caption' id='gallery-1-2812'>\n\t\t\t\tHuhu, wo bist du???\n\t\t\t\t<\/dd><\/dl><dl class='gallery-item'>\n\t\t\t<dt class='gallery-icon landscape'>\n\t\t\t\t<a href='https:\/\/www.ev-fmz-menschenkinder.de\/?attachment_id=2813'><img loading=\"lazy\" decoding=\"async\" width=\"150\" height=\"150\" src=\"https:\/\/www.ev-fmz-menschenkinder.de\/wp-content\/uploads\/2016\/02\/DSC04482-150x150.jpg\" class=\"attachment-thumbnail size-thumbnail\" alt=\"\" aria-describedby=\"gallery-1-2813\" \/><\/a>\n\t\t\t<\/dt>\n\t\t\t\t<dd class='wp-caption-text gallery-caption' id='gallery-1-2813'>\n\t\t\t\tWenn wir kein Spielzeug haben, machen wir es eben selber!\n\t\t\t\t<\/dd><\/dl><br style=\"clear: both\" \/><dl class='gallery-item'>\n\t\t\t<dt class='gallery-icon landscape'>\n\t\t\t\t<a href='https:\/\/www.ev-fmz-menschenkinder.de\/?attachment_id=2825'><img loading=\"lazy\" decoding=\"async\" width=\"150\" height=\"150\" src=\"https:\/\/www.ev-fmz-menschenkinder.de\/wp-content\/uploads\/2016\/02\/DSC04491-150x150.jpg\" class=\"attachment-thumbnail size-thumbnail\" alt=\"\" aria-describedby=\"gallery-1-2825\" \/><\/a>\n\t\t\t<\/dt>\n\t\t\t\t<dd class='wp-caption-text gallery-caption' id='gallery-1-2825'>\n\t\t\t\tDer Vorsitzende des Kinderparlaments wird gew\u00e4hlt.\n\t\t\t\t<\/dd><\/dl><dl class='gallery-item'>\n\t\t\t<dt class='gallery-icon landscape'>\n\t\t\t\t<a href='https:\/\/www.ev-fmz-menschenkinder.de\/?attachment_id=2820'><img loading=\"lazy\" decoding=\"async\" width=\"150\" height=\"150\" src=\"https:\/\/www.ev-fmz-menschenkinder.de\/wp-content\/uploads\/2016\/02\/011-1-150x150.jpg\" class=\"attachment-thumbnail size-thumbnail\" alt=\"\" aria-describedby=\"gallery-1-2820\" \/><\/a>\n\t\t\t<\/dt>\n\t\t\t\t<dd class='wp-caption-text gallery-caption' id='gallery-1-2820'>\n\t\t\t\tUnd ein Ausflug in den Wald war diese Woche auch noch dran:&#8220;Da gibts auch kein Spielzeug, nur Fr\u00f6sche.&#8220;(E. 5 Jahre)\n\t\t\t\t<\/dd><\/dl>\n\t\t\t<br style='clear: both' \/>\n\t\t<\/div>\n\n","protected":false},"excerpt":{"rendered":"<p>Woche 2 ist jetzt auch schon vorbei. In dieser Woche wurden die Kinderparlamente in der Pirateninsel und der R\u00e4uberh\u00f6hle gew\u00e4hlt. Doch auch die Indianerkinder sind beteiligt. Einmal in der Woche werden wir eine Kindergarten- Vollversammlung abhalten. Dort zeigen uns dann alle Gruppen, was in der letzten Woche passiert ist. Unsere erste Vollversammlung war ein gro\u00dfer [&hellip;]<\/p>\n","protected":false},"author":2,"featured_media":0,"comment_status":"open","ping_status":"open","sticky":false,"template":"","format":"standard","meta":{"footnotes":""},"categories":[16,22],"tags":[94,23],"class_list":["post-2802","post","type-post","status-publish","format-standard","hentry","category-aus-unserer-arbeit","category-spielzeugfreier-kindergarten","tag-onlinetagebuch","tag-spielzeugfrei"],"_links":{"self":[{"href":"https:\/\/www.ev-fmz-menschenkinder.de\/index.php?rest_route=\/wp\/v2\/posts\/2802","targetHints":{"allow":["GET"]}}],"collection":[{"href":"https:\/\/www.ev-fmz-menschenkinder.de\/index.php?rest_route=\/wp\/v2\/posts"}],"about":[{"href":"https:\/\/www.ev-fmz-menschenkinder.de\/index.php?rest_route=\/wp\/v2\/types\/post"}],"author":[{"embeddable":true,"href":"https:\/\/www.ev-fmz-menschenkinder.de\/index.php?rest_route=\/wp\/v2\/users\/2"}],"replies":[{"embeddable":true,"href":"https:\/\/www.ev-fmz-menschenkinder.de\/index.php?rest_route=%2Fwp%2Fv2%2Fcomments&post=2802"}],"version-history":[{"count":3,"href":"https:\/\/www.ev-fmz-menschenkinder.de\/index.php?rest_route=\/wp\/v2\/posts\/2802\/revisions"}],"predecessor-version":[{"id":3488,"href":"https:\/\/www.ev-fmz-menschenkinder.de\/index.php?rest_route=\/wp\/v2\/posts\/2802\/revisions\/3488"}],"wp:attachment":[{"href":"https:\/\/www.ev-fmz-menschenkinder.de\/index.php?rest_route=%2Fwp%2Fv2%2Fmedia&parent=2802"}],"wp:term":[{"taxonomy":"category","embeddable":true,"href":"https:\/\/www.ev-fmz-menschenkinder.de\/index.php?rest_route=%2Fwp%2Fv2%2Fcategories&post=2802"},{"taxonomy":"post_tag","embeddable":true,"href":"https:\/\/www.ev-fmz-menschenkinder.de\/index.php?rest_route=%2Fwp%2Fv2%2Ftags&post=2802"}],"curies":[{"name":"wp","href":"https:\/\/api.w.org\/{rel}","templated":true}]}}