{"id":274,"date":"2012-01-17T14:44:02","date_gmt":"2012-01-17T13:44:02","guid":{"rendered":"http:\/\/www.ev-fmz-menschenkinder.de\/?p=274"},"modified":"2012-01-26T14:51:19","modified_gmt":"2012-01-26T13:51:19","slug":"274","status":"publish","type":"post","link":"https:\/\/www.ev-fmz-menschenkinder.de\/?p=274","title":{"rendered":"Kinderparlament"},"content":{"rendered":"<p>Partizipation im Kindergarten<br \/>\noder wenn das Kinderparlament tagt<\/p>\n<p><img loading=\"lazy\" decoding=\"async\" src=\"http:\/\/web143.016.netroom.de\/menschenkinder\/images\/stories\/spielzeugfrei\/kinderparlament2.jpg\" alt=\"\" width=\"576\" height=\"432\" \/><\/p>\n<p>Seit einigen Wochen treffen sich die Vorschulkinder der R\u00e4uberh\u00f6hle regelm\u00e4\u00dfig im Kinderparlament.<\/p>\n<p><strong>Was ist das denn? Demokratie schon im Kindergarten?<\/strong><\/p>\n<p>Na klar, denn auch Kinder haben eine Stimme und sind bereits so kompetent Entscheidungen zu treffen und Abstimmungen zu organisieren. Und Entscheidungen stehen ganz viele an. So wird in der Vollversammlung (mit allen R\u00e4ubern) bestimmt, was es zum gemeinsamen Fr\u00fchst\u00fcck geben soll oder der Vorsitzende ber\u00e4t sich mit seinem Vertreter und<br \/>\ndem Beisitzer wann die n\u00e4chste Sitzung stattfinden soll. F\u00fcr den Waldtag im April hat das Kinderparlament sich f\u00fcr einen Ausflug in den Park entschieden. Und so wird\u00b4s dann auch gemacht!<\/p>\n<p><img loading=\"lazy\" decoding=\"async\" src=\"http:\/\/web143.016.netroom.de\/menschenkinder\/images\/stories\/spielzeugfrei\/kinderparlament.JPG\" alt=\"\" width=\"600\" height=\"450\" \/><\/p>\n<p>Wie im richtigen Parlament gibt es auch im Kinderparlament verschiedene Arten der Wahl: z.B. mit Steinen im Sitzkreis ( das ist dann eine offene Wahl), im Wahlraum ( der Personalraum)<br \/>\nfindet dann mit Bechern die geheime Wahl statt oder spontan geht auch die Abstimmung per Handzeichen.<\/p>\n<p><img loading=\"lazy\" decoding=\"async\" src=\"http:\/\/web143.016.netroom.de\/menschenkinder\/images\/stories\/spielzeugfrei\/kinderparlament1.jpg\" alt=\"\" width=\"576\" height=\"432\" \/><\/p>\n<p>Durch Symbole und Fotos werden die Vorg\u00e4nge im Parlament f\u00fcr alle transparent und auch die kleinsten verstehen dann, worum es geht.<\/p>\n<p>Wir sind sicher, auch nach der spielzeugfreien Zeit, wird es bei uns ein Kinderparlament und ganz viel Mitbestimmung geben.<\/p>\n","protected":false},"excerpt":{"rendered":"<p>Partizipation im Kindergarten oder wenn das Kinderparlament tagt Seit einigen Wochen treffen sich die Vorschulkinder der R\u00e4uberh\u00f6hle regelm\u00e4\u00dfig im Kinderparlament. Was ist das denn? Demokratie schon im Kindergarten? Na klar, denn auch Kinder haben eine Stimme und sind bereits so kompetent Entscheidungen zu treffen und Abstimmungen zu organisieren. Und Entscheidungen stehen ganz viele an. So [&hellip;]<\/p>\n","protected":false},"author":2,"featured_media":0,"comment_status":"open","ping_status":"open","sticky":false,"template":"","format":"standard","meta":{"footnotes":""},"categories":[16],"tags":[18],"class_list":["post-274","post","type-post","status-publish","format-standard","hentry","category-aus-unserer-arbeit","tag-kinderparlament"],"_links":{"self":[{"href":"https:\/\/www.ev-fmz-menschenkinder.de\/index.php?rest_route=\/wp\/v2\/posts\/274","targetHints":{"allow":["GET"]}}],"collection":[{"href":"https:\/\/www.ev-fmz-menschenkinder.de\/index.php?rest_route=\/wp\/v2\/posts"}],"about":[{"href":"https:\/\/www.ev-fmz-menschenkinder.de\/index.php?rest_route=\/wp\/v2\/types\/post"}],"author":[{"embeddable":true,"href":"https:\/\/www.ev-fmz-menschenkinder.de\/index.php?rest_route=\/wp\/v2\/users\/2"}],"replies":[{"embeddable":true,"href":"https:\/\/www.ev-fmz-menschenkinder.de\/index.php?rest_route=%2Fwp%2Fv2%2Fcomments&post=274"}],"version-history":[{"count":5,"href":"https:\/\/www.ev-fmz-menschenkinder.de\/index.php?rest_route=\/wp\/v2\/posts\/274\/revisions"}],"predecessor-version":[{"id":276,"href":"https:\/\/www.ev-fmz-menschenkinder.de\/index.php?rest_route=\/wp\/v2\/posts\/274\/revisions\/276"}],"wp:attachment":[{"href":"https:\/\/www.ev-fmz-menschenkinder.de\/index.php?rest_route=%2Fwp%2Fv2%2Fmedia&parent=274"}],"wp:term":[{"taxonomy":"category","embeddable":true,"href":"https:\/\/www.ev-fmz-menschenkinder.de\/index.php?rest_route=%2Fwp%2Fv2%2Fcategories&post=274"},{"taxonomy":"post_tag","embeddable":true,"href":"https:\/\/www.ev-fmz-menschenkinder.de\/index.php?rest_route=%2Fwp%2Fv2%2Ftags&post=274"}],"curies":[{"name":"wp","href":"https:\/\/api.w.org\/{rel}","templated":true}]}}