{"id":2644,"date":"2015-11-20T06:46:25","date_gmt":"2015-11-20T05:46:25","guid":{"rendered":"http:\/\/www.ev-fmz-menschenkinder.de\/?p=2644"},"modified":"2015-11-20T06:46:25","modified_gmt":"2015-11-20T05:46:25","slug":"sankt-martin-2015","status":"publish","type":"post","link":"https:\/\/www.ev-fmz-menschenkinder.de\/?p=2644","title":{"rendered":"Sankt Martin 2015"},"content":{"rendered":"<p>Am\u00a011.11. stand das Sankt Martins Fest vor der T\u00fcre und somit die \u00dcberlegung,<\/p>\n<p>wie machen wir es in diesem Jahr. Wie immer wurde im Vorfeld gebastelt und gebacken.<\/p>\n<p>Wundersch\u00f6ne leuchtende Laternen und sehr leckere Weckm\u00e4nner entstanden in allen drei Gruppen.<\/p>\n<p>&nbsp;<\/p>\n<p><a href=\"https:\/\/www.ev-fmz-menschenkinder.de\/wp-content\/uploads\/2015\/11\/0021.jpg\"><img loading=\"lazy\" decoding=\"async\" class=\"size-medium wp-image-2645 alignleft\" src=\"https:\/\/www.ev-fmz-menschenkinder.de\/wp-content\/uploads\/2015\/11\/0021-300x225.jpg\" alt=\"002\" width=\"300\" height=\"225\" srcset=\"https:\/\/www.ev-fmz-menschenkinder.de\/wp-content\/uploads\/2015\/11\/0021-300x225.jpg 300w, https:\/\/www.ev-fmz-menschenkinder.de\/wp-content\/uploads\/2015\/11\/0021-1024x768.jpg 1024w\" sizes=\"auto, (max-width: 300px) 100vw, 300px\" \/><\/a> <a href=\"https:\/\/www.ev-fmz-menschenkinder.de\/wp-content\/uploads\/2015\/11\/024.jpg\"><img loading=\"lazy\" decoding=\"async\" class=\"size-medium wp-image-2651 alignleft\" src=\"https:\/\/www.ev-fmz-menschenkinder.de\/wp-content\/uploads\/2015\/11\/024-225x300.jpg\" alt=\"024\" width=\"225\" height=\"300\" srcset=\"https:\/\/www.ev-fmz-menschenkinder.de\/wp-content\/uploads\/2015\/11\/024-225x300.jpg 225w, https:\/\/www.ev-fmz-menschenkinder.de\/wp-content\/uploads\/2015\/11\/024-768x1024.jpg 768w\" sizes=\"auto, (max-width: 225px) 100vw, 225px\" \/><\/a><\/p>\n<p>&nbsp;<\/p>\n<p>&nbsp;<\/p>\n<p>&nbsp;<\/p>\n<p>&nbsp;<\/p>\n<p>&nbsp;<\/p>\n<p>&nbsp;<\/p>\n<p>&nbsp;<\/p>\n<p>&nbsp;<\/p>\n<p>&nbsp;<\/p>\n<p>&nbsp;<\/p>\n<p>&nbsp;<\/p>\n<p>Doch schon im letzten Jahr kristallisierte sich heraus,<\/p>\n<p>dass es f\u00fcr die J\u00fcngsten in unserer Einrichtung doch sehr sp\u00e4t geworden war.<\/p>\n<p>Viele schliefen in ihren Kinderwagen ein oder waren einfach nur unleidlich.<\/p>\n<p>Dazu meldete sich der Posauenenchor mit der Anmerkung, dass ihnen unser Fest eigentlich viel zu fr\u00fch sei,<\/p>\n<p>da sie doch alle berufst\u00e4tig seien. Diese beiden schlagkr\u00e4ftigen Argumente waren dann ausschlaggebend daf\u00fcr,<\/p>\n<p>in diesem Jahr mal etwas Neues auszuprobieren.<\/p>\n<p>Wir entschieden uns gegen einen Umzug und f\u00fcr eine gem\u00fctliche Feier mit gemeinsamem Abschluss im Garten.<\/p>\n<p>Unsere beiden Mitarbeiterinnen Ute und Andrea und der Sohn von Ute erkl\u00e4rten sich bereit uns musikalisch zu begleiten und so versammelten wir uns um kurz vor 17 Uhr.<\/p>\n<p><a href=\"https:\/\/www.ev-fmz-menschenkinder.de\/wp-content\/uploads\/2015\/11\/0211.jpg\"><img loading=\"lazy\" decoding=\"async\" class=\"size-medium wp-image-2650 alignleft\" src=\"https:\/\/www.ev-fmz-menschenkinder.de\/wp-content\/uploads\/2015\/11\/0211-300x225.jpg\" alt=\"021\" width=\"300\" height=\"225\" srcset=\"https:\/\/www.ev-fmz-menschenkinder.de\/wp-content\/uploads\/2015\/11\/0211-300x225.jpg 300w, https:\/\/www.ev-fmz-menschenkinder.de\/wp-content\/uploads\/2015\/11\/0211-1024x768.jpg 1024w\" sizes=\"auto, (max-width: 300px) 100vw, 300px\" \/><\/a><\/p>\n<p>&nbsp;<\/p>\n<p>&nbsp;<\/p>\n<p>&nbsp;<\/p>\n<p>Vielen herzlichen Dank daf\u00fcr!<\/p>\n<p>&nbsp;<\/p>\n<p>&nbsp;<\/p>\n<p>&nbsp;<\/p>\n<p>&nbsp;<\/p>\n<p>Nach einem gemeinsamen Lied wurde das Feuer entz\u00fcndet.<\/p>\n<p>&nbsp;<\/p>\n<p><a href=\"https:\/\/www.ev-fmz-menschenkinder.de\/wp-content\/uploads\/2015\/11\/004.jpg\"><img loading=\"lazy\" decoding=\"async\" class=\"size-medium wp-image-2646 alignleft\" src=\"https:\/\/www.ev-fmz-menschenkinder.de\/wp-content\/uploads\/2015\/11\/004-225x300.jpg\" alt=\"004\" width=\"225\" height=\"300\" srcset=\"https:\/\/www.ev-fmz-menschenkinder.de\/wp-content\/uploads\/2015\/11\/004-225x300.jpg 225w, https:\/\/www.ev-fmz-menschenkinder.de\/wp-content\/uploads\/2015\/11\/004-768x1024.jpg 768w\" sizes=\"auto, (max-width: 225px) 100vw, 225px\" \/><\/a><\/p>\n<p><a href=\"https:\/\/www.ev-fmz-menschenkinder.de\/wp-content\/uploads\/2015\/11\/007.jpg\"><img loading=\"lazy\" decoding=\"async\" class=\"size-medium wp-image-2647 alignleft\" src=\"https:\/\/www.ev-fmz-menschenkinder.de\/wp-content\/uploads\/2015\/11\/007-225x300.jpg\" alt=\"007\" width=\"225\" height=\"300\" srcset=\"https:\/\/www.ev-fmz-menschenkinder.de\/wp-content\/uploads\/2015\/11\/007-225x300.jpg 225w, https:\/\/www.ev-fmz-menschenkinder.de\/wp-content\/uploads\/2015\/11\/007-768x1024.jpg 768w\" sizes=\"auto, (max-width: 225px) 100vw, 225px\" \/><\/a><\/p>\n<p>&nbsp;<\/p>\n<p>&nbsp;<\/p>\n<p>&nbsp;<\/p>\n<p>&nbsp;<\/p>\n<p>&nbsp;<\/p>\n<p>&nbsp;<\/p>\n<p>&nbsp;<\/p>\n<p>&nbsp;<\/p>\n<p>&nbsp;<\/p>\n<p>&nbsp;<\/p>\n<p>Dann kam Sankt Martin auf seinem Pferd. auf seinem Pferd sah er richtig imposant aus, doch als er am Feuer mit einem unserer Kinder<\/p>\n<p>die Martinsgeschichte nachspielte und danach die Weckm\u00e4nner an alle Kinder verteilte, waren alle begeistert.<\/p>\n<p><a href=\"https:\/\/www.ev-fmz-menschenkinder.de\/wp-content\/uploads\/2015\/11\/009.jpg\"><img loading=\"lazy\" decoding=\"async\" class=\"size-medium wp-image-2648 alignleft\" src=\"https:\/\/www.ev-fmz-menschenkinder.de\/wp-content\/uploads\/2015\/11\/009-225x300.jpg\" alt=\"009\" width=\"225\" height=\"300\" srcset=\"https:\/\/www.ev-fmz-menschenkinder.de\/wp-content\/uploads\/2015\/11\/009-225x300.jpg 225w, https:\/\/www.ev-fmz-menschenkinder.de\/wp-content\/uploads\/2015\/11\/009-768x1024.jpg 768w\" sizes=\"auto, (max-width: 225px) 100vw, 225px\" \/><\/a> <a href=\"https:\/\/www.ev-fmz-menschenkinder.de\/wp-content\/uploads\/2015\/11\/013.jpg\"><img loading=\"lazy\" decoding=\"async\" class=\"alignleft size-medium wp-image-2649\" src=\"https:\/\/www.ev-fmz-menschenkinder.de\/wp-content\/uploads\/2015\/11\/013-225x300.jpg\" alt=\"013\" width=\"225\" height=\"300\" srcset=\"https:\/\/www.ev-fmz-menschenkinder.de\/wp-content\/uploads\/2015\/11\/013-225x300.jpg 225w, https:\/\/www.ev-fmz-menschenkinder.de\/wp-content\/uploads\/2015\/11\/013-768x1024.jpg 768w\" sizes=\"auto, (max-width: 225px) 100vw, 225px\" \/><\/a><\/p>\n<p>&nbsp;<\/p>\n<p>&nbsp;<\/p>\n<p>&nbsp;<\/p>\n<p>&nbsp;<\/p>\n<p>&nbsp;<\/p>\n<p>&nbsp;<\/p>\n<p>&nbsp;<\/p>\n<p>&nbsp;<\/p>\n<p>&nbsp;<\/p>\n<p>Es wurde gesungen, gestaunt, gelacht, geredet und der Elternrat versorgte uns mit leckerem Gl\u00fchwein, Kakao und Pl\u00e4tzchen.<\/p>\n<p>Es war ein sch\u00f6nes Fest. Vielen Dank an alle!<\/p>\n<p>Wie es n\u00e4chstes Jahr sein wird, wissen wir noch nicht, aber wir werden auch im n\u00e4chsten Jahr wieder zusammen Sankt Martin feiern, dass ist sehr, sehr sicher :-)&#8230;&#8230;..<\/p>\n","protected":false},"excerpt":{"rendered":"<p>Am\u00a011.11. stand das Sankt Martins Fest vor der T\u00fcre und somit die \u00dcberlegung, wie machen wir es in diesem Jahr. Wie immer wurde im Vorfeld gebastelt und gebacken. Wundersch\u00f6ne leuchtende Laternen und sehr leckere Weckm\u00e4nner entstanden in allen drei Gruppen. &nbsp; &nbsp; &nbsp; &nbsp; &nbsp; &nbsp; &nbsp; &nbsp; &nbsp; &nbsp; &nbsp; &nbsp; Doch schon im [&hellip;]<\/p>\n","protected":false},"author":2,"featured_media":0,"comment_status":"open","ping_status":"open","sticky":false,"template":"","format":"standard","meta":{"footnotes":""},"categories":[1,16],"tags":[94,67],"class_list":["post-2644","post","type-post","status-publish","format-standard","hentry","category-allgemein","category-aus-unserer-arbeit","tag-onlinetagebuch","tag-sankt-martin"],"_links":{"self":[{"href":"https:\/\/www.ev-fmz-menschenkinder.de\/index.php?rest_route=\/wp\/v2\/posts\/2644","targetHints":{"allow":["GET"]}}],"collection":[{"href":"https:\/\/www.ev-fmz-menschenkinder.de\/index.php?rest_route=\/wp\/v2\/posts"}],"about":[{"href":"https:\/\/www.ev-fmz-menschenkinder.de\/index.php?rest_route=\/wp\/v2\/types\/post"}],"author":[{"embeddable":true,"href":"https:\/\/www.ev-fmz-menschenkinder.de\/index.php?rest_route=\/wp\/v2\/users\/2"}],"replies":[{"embeddable":true,"href":"https:\/\/www.ev-fmz-menschenkinder.de\/index.php?rest_route=%2Fwp%2Fv2%2Fcomments&post=2644"}],"version-history":[{"count":2,"href":"https:\/\/www.ev-fmz-menschenkinder.de\/index.php?rest_route=\/wp\/v2\/posts\/2644\/revisions"}],"predecessor-version":[{"id":2653,"href":"https:\/\/www.ev-fmz-menschenkinder.de\/index.php?rest_route=\/wp\/v2\/posts\/2644\/revisions\/2653"}],"wp:attachment":[{"href":"https:\/\/www.ev-fmz-menschenkinder.de\/index.php?rest_route=%2Fwp%2Fv2%2Fmedia&parent=2644"}],"wp:term":[{"taxonomy":"category","embeddable":true,"href":"https:\/\/www.ev-fmz-menschenkinder.de\/index.php?rest_route=%2Fwp%2Fv2%2Fcategories&post=2644"},{"taxonomy":"post_tag","embeddable":true,"href":"https:\/\/www.ev-fmz-menschenkinder.de\/index.php?rest_route=%2Fwp%2Fv2%2Ftags&post=2644"}],"curies":[{"name":"wp","href":"https:\/\/api.w.org\/{rel}","templated":true}]}}