{"id":2635,"date":"2015-11-19T15:22:24","date_gmt":"2015-11-19T14:22:24","guid":{"rendered":"http:\/\/www.ev-fmz-menschenkinder.de\/?p=2635"},"modified":"2015-11-19T15:23:28","modified_gmt":"2015-11-19T14:23:28","slug":"das-polizeiprojekt-der-voschkis","status":"publish","type":"post","link":"https:\/\/www.ev-fmz-menschenkinder.de\/?p=2635","title":{"rendered":"Das Polizeiprojekt der Voschkis"},"content":{"rendered":"<p>Im Rahmen unserer Vorschularbeit haben wir mit den Kindern ein Polizeiprojekt gestartet.<\/p>\n<p>Letzte Woche\u00a0Dienstag besuchten wir den Verkehrskasperl in der KGS Sankt Martin.<\/p>\n<p><img loading=\"lazy\" decoding=\"async\" class=\"size-medium wp-image-2636 alignleft\" src=\"https:\/\/www.ev-fmz-menschenkinder.de\/wp-content\/uploads\/2015\/11\/002-300x225.jpg\" alt=\"002\" width=\"300\" height=\"225\" srcset=\"https:\/\/www.ev-fmz-menschenkinder.de\/wp-content\/uploads\/2015\/11\/002-300x225.jpg 300w, https:\/\/www.ev-fmz-menschenkinder.de\/wp-content\/uploads\/2015\/11\/002-1024x768.jpg 1024w\" sizes=\"auto, (max-width: 300px) 100vw, 300px\" \/><\/p>\n<p>Gemeinsam mit Wuschel, Nobbi und Timmi erfuhren wir<\/p>\n<p>viele Dinge \u00fcber das richtige Verhalten im Stra\u00dfenverkehr und<\/p>\n<p>auch das wir niemals mit fremden mitgehen d\u00fcrfen,<\/p>\n<p>ganz egal was sie uns versprechen und erz\u00e4hlen.<\/p>\n<p>Alle Kinder haben sehr gut aufgepasst.<\/p>\n<p>&nbsp;<\/p>\n<p>&nbsp;<\/p>\n<p>Am Freitag ging es dann zur Polizeiwache in Sankt Augustin&#8230;.<\/p>\n<p><a href=\"https:\/\/www.ev-fmz-menschenkinder.de\/wp-content\/uploads\/2015\/11\/005.jpg\"><img loading=\"lazy\" decoding=\"async\" class=\"alignleft size-medium wp-image-2637\" src=\"https:\/\/www.ev-fmz-menschenkinder.de\/wp-content\/uploads\/2015\/11\/005-300x225.jpg\" alt=\"005\" width=\"300\" height=\"225\" srcset=\"https:\/\/www.ev-fmz-menschenkinder.de\/wp-content\/uploads\/2015\/11\/005-300x225.jpg 300w, https:\/\/www.ev-fmz-menschenkinder.de\/wp-content\/uploads\/2015\/11\/005-1024x768.jpg 1024w\" sizes=\"auto, (max-width: 300px) 100vw, 300px\" \/><br \/>\n<\/a><\/p>\n<p>&nbsp;<\/p>\n<p>Herr Firlus hat uns alles gezeigt.<\/p>\n<p>Wir durften in den Wachraum und in die B\u00fcros<\/p>\n<p>der Polizei.<\/p>\n<p>&nbsp;<\/p>\n<p>&nbsp;<\/p>\n<p>&nbsp;<\/p>\n<p><a href=\"https:\/\/www.ev-fmz-menschenkinder.de\/wp-content\/uploads\/2015\/11\/008.jpg\"><img loading=\"lazy\" decoding=\"async\" class=\"alignleft size-medium wp-image-2641\" src=\"https:\/\/www.ev-fmz-menschenkinder.de\/wp-content\/uploads\/2015\/11\/008-225x300.jpg\" alt=\"008\" width=\"225\" height=\"300\" srcset=\"https:\/\/www.ev-fmz-menschenkinder.de\/wp-content\/uploads\/2015\/11\/008-225x300.jpg 225w, https:\/\/www.ev-fmz-menschenkinder.de\/wp-content\/uploads\/2015\/11\/008-768x1024.jpg 768w\" sizes=\"auto, (max-width: 225px) 100vw, 225px\" \/><br \/>\n<\/a><\/p>\n<p>&nbsp;<\/p>\n<p>&nbsp;<\/p>\n<p>Sogar die R\u00e4ume in die Gefangene eingesperrt werden, durften wir sehen.<\/p>\n<p>Das war ganz sch\u00f6n aufregend.<\/p>\n<p>&nbsp;<\/p>\n<p>&nbsp;<\/p>\n<p>&nbsp;<\/p>\n<p>&nbsp;<\/p>\n<p>Zum Schluss durften wir uns ein Polizeiauto von innen anschauen und sogar das Blaulicht anmachen und das Funkger\u00e4t ausprobieren. Alle Kinder durften sich au\u00dferdem auf ein Polizeimotorrad setzen. Mal sehen wer jetzt Polizist oder Polizistin werden m\u00f6chte :-)&#8230;&#8230;<\/p>\n<p><a href=\"https:\/\/www.ev-fmz-menschenkinder.de\/wp-content\/uploads\/2015\/11\/021.jpg\"><img loading=\"lazy\" decoding=\"async\" class=\"alignleft size-medium wp-image-2639\" src=\"https:\/\/www.ev-fmz-menschenkinder.de\/wp-content\/uploads\/2015\/11\/021-300x225.jpg\" alt=\"021\" width=\"300\" height=\"225\" srcset=\"https:\/\/www.ev-fmz-menschenkinder.de\/wp-content\/uploads\/2015\/11\/021-300x225.jpg 300w, https:\/\/www.ev-fmz-menschenkinder.de\/wp-content\/uploads\/2015\/11\/021-1024x768.jpg 1024w\" sizes=\"auto, (max-width: 300px) 100vw, 300px\" \/><\/a><a href=\"https:\/\/www.ev-fmz-menschenkinder.de\/wp-content\/uploads\/2015\/11\/019.jpg\"><img loading=\"lazy\" decoding=\"async\" class=\"aligncenter size-medium wp-image-2638\" src=\"https:\/\/www.ev-fmz-menschenkinder.de\/wp-content\/uploads\/2015\/11\/019-300x225.jpg\" alt=\"019\" width=\"300\" height=\"225\" srcset=\"https:\/\/www.ev-fmz-menschenkinder.de\/wp-content\/uploads\/2015\/11\/019-300x225.jpg 300w, https:\/\/www.ev-fmz-menschenkinder.de\/wp-content\/uploads\/2015\/11\/019-1024x768.jpg 1024w\" sizes=\"auto, (max-width: 300px) 100vw, 300px\" \/><\/a><\/p>\n<p>&nbsp;<\/p>\n<p><a href=\"https:\/\/www.ev-fmz-menschenkinder.de\/wp-content\/uploads\/2015\/11\/022.jpg\"><img loading=\"lazy\" decoding=\"async\" class=\"aligncenter size-medium wp-image-2640\" src=\"https:\/\/www.ev-fmz-menschenkinder.de\/wp-content\/uploads\/2015\/11\/022-300x225.jpg\" alt=\"022\" width=\"300\" height=\"225\" srcset=\"https:\/\/www.ev-fmz-menschenkinder.de\/wp-content\/uploads\/2015\/11\/022-300x225.jpg 300w, https:\/\/www.ev-fmz-menschenkinder.de\/wp-content\/uploads\/2015\/11\/022-1024x768.jpg 1024w\" sizes=\"auto, (max-width: 300px) 100vw, 300px\" \/><\/a><\/p>\n","protected":false},"excerpt":{"rendered":"<p>Im Rahmen unserer Vorschularbeit haben wir mit den Kindern ein Polizeiprojekt gestartet. Letzte Woche\u00a0Dienstag besuchten wir den Verkehrskasperl in der KGS Sankt Martin. Gemeinsam mit Wuschel, Nobbi und Timmi erfuhren wir viele Dinge \u00fcber das richtige Verhalten im Stra\u00dfenverkehr und auch das wir niemals mit fremden mitgehen d\u00fcrfen, ganz egal was sie uns versprechen und [&hellip;]<\/p>\n","protected":false},"author":2,"featured_media":0,"comment_status":"open","ping_status":"open","sticky":false,"template":"","format":"standard","meta":{"footnotes":""},"categories":[16],"tags":[89,97],"class_list":["post-2635","post","type-post","status-publish","format-standard","hentry","category-aus-unserer-arbeit","tag-voschkis","tag-zeit-vor-der-schule"],"_links":{"self":[{"href":"https:\/\/www.ev-fmz-menschenkinder.de\/index.php?rest_route=\/wp\/v2\/posts\/2635","targetHints":{"allow":["GET"]}}],"collection":[{"href":"https:\/\/www.ev-fmz-menschenkinder.de\/index.php?rest_route=\/wp\/v2\/posts"}],"about":[{"href":"https:\/\/www.ev-fmz-menschenkinder.de\/index.php?rest_route=\/wp\/v2\/types\/post"}],"author":[{"embeddable":true,"href":"https:\/\/www.ev-fmz-menschenkinder.de\/index.php?rest_route=\/wp\/v2\/users\/2"}],"replies":[{"embeddable":true,"href":"https:\/\/www.ev-fmz-menschenkinder.de\/index.php?rest_route=%2Fwp%2Fv2%2Fcomments&post=2635"}],"version-history":[{"count":2,"href":"https:\/\/www.ev-fmz-menschenkinder.de\/index.php?rest_route=\/wp\/v2\/posts\/2635\/revisions"}],"predecessor-version":[{"id":2643,"href":"https:\/\/www.ev-fmz-menschenkinder.de\/index.php?rest_route=\/wp\/v2\/posts\/2635\/revisions\/2643"}],"wp:attachment":[{"href":"https:\/\/www.ev-fmz-menschenkinder.de\/index.php?rest_route=%2Fwp%2Fv2%2Fmedia&parent=2635"}],"wp:term":[{"taxonomy":"category","embeddable":true,"href":"https:\/\/www.ev-fmz-menschenkinder.de\/index.php?rest_route=%2Fwp%2Fv2%2Fcategories&post=2635"},{"taxonomy":"post_tag","embeddable":true,"href":"https:\/\/www.ev-fmz-menschenkinder.de\/index.php?rest_route=%2Fwp%2Fv2%2Ftags&post=2635"}],"curies":[{"name":"wp","href":"https:\/\/api.w.org\/{rel}","templated":true}]}}