{"id":2468,"date":"2015-03-29T21:08:03","date_gmt":"2015-03-29T19:08:03","guid":{"rendered":"http:\/\/www.ev-fmz-menschenkinder.de\/?p=2468"},"modified":"2015-03-29T21:08:03","modified_gmt":"2015-03-29T19:08:03","slug":"mutter-kind-nachmittag","status":"publish","type":"post","link":"https:\/\/www.ev-fmz-menschenkinder.de\/?p=2468","title":{"rendered":"Mutter-Kind-Nachmittag"},"content":{"rendered":"<p>Nach einiger Zeit ohne Mutter-Kind-Nachmittag fanden wir,<\/p>\n<p>dass es mal wieder an der Zeit war\u00a0ihn ins Leben zur\u00fcck zurufen.<\/p>\n<p>Wir entschieden uns f\u00fcr den Anfang f\u00fcr eine Rally durch Niederpleis.<\/p>\n<p>Schon in kurzer Zeit hatten wir 13 Anmeldungen.<\/p>\n<p>Der\u00a0Nachmittag\u00a0hat\u00a0allen viel Spa\u00df gemacht und wird \u00a0von vielen Anwesenden dringend f\u00fcr das n\u00e4chste Jahr wieder gew\u00fcnscht :-)&#8230;..<\/p>\n<p>Hier findet Ihr einige Impressionen des Nachmittags:<\/p>\n\n\t\t<style type=\"text\/css\">\n\t\t\t#gallery-1 {\n\t\t\t\tmargin: auto;\n\t\t\t}\n\t\t\t#gallery-1 .gallery-item {\n\t\t\t\tfloat: left;\n\t\t\t\tmargin-top: 10px;\n\t\t\t\ttext-align: center;\n\t\t\t\twidth: 33%;\n\t\t\t}\n\t\t\t#gallery-1 img {\n\t\t\t\tborder: 2px solid #cfcfcf;\n\t\t\t}\n\t\t\t#gallery-1 .gallery-caption {\n\t\t\t\tmargin-left: 0;\n\t\t\t}\n\t\t\t\/* see gallery_shortcode() in wp-includes\/media.php *\/\n\t\t<\/style>\n\t\t<div id='gallery-1' class='gallery galleryid-2468 gallery-columns-3 gallery-size-medium'><dl class='gallery-item'>\n\t\t\t<dt class='gallery-icon portrait'>\n\t\t\t\t<a href='https:\/\/www.ev-fmz-menschenkinder.de\/?attachment_id=2469'><img loading=\"lazy\" decoding=\"async\" width=\"225\" height=\"300\" src=\"https:\/\/www.ev-fmz-menschenkinder.de\/wp-content\/uploads\/2015\/03\/001-2-225x300.jpg\" class=\"attachment-medium size-medium\" alt=\"\" aria-describedby=\"gallery-1-2469\" srcset=\"https:\/\/www.ev-fmz-menschenkinder.de\/wp-content\/uploads\/2015\/03\/001-2-225x300.jpg 225w, https:\/\/www.ev-fmz-menschenkinder.de\/wp-content\/uploads\/2015\/03\/001-2-768x1024.jpg 768w\" sizes=\"auto, (max-width: 225px) 100vw, 225px\" \/><\/a>\n\t\t\t<\/dt>\n\t\t\t\t<dd class='wp-caption-text gallery-caption' id='gallery-1-2469'>\n\t\t\t\tSprossen z\u00e4hlen, gar nicht so einfach!\n\t\t\t\t<\/dd><\/dl><dl class='gallery-item'>\n\t\t\t<dt class='gallery-icon landscape'>\n\t\t\t\t<a href='https:\/\/www.ev-fmz-menschenkinder.de\/?attachment_id=2470'><img loading=\"lazy\" decoding=\"async\" width=\"300\" height=\"225\" src=\"https:\/\/www.ev-fmz-menschenkinder.de\/wp-content\/uploads\/2015\/03\/0022-300x225.jpg\" class=\"attachment-medium size-medium\" alt=\"\" aria-describedby=\"gallery-1-2470\" srcset=\"https:\/\/www.ev-fmz-menschenkinder.de\/wp-content\/uploads\/2015\/03\/0022-300x225.jpg 300w, https:\/\/www.ev-fmz-menschenkinder.de\/wp-content\/uploads\/2015\/03\/0022-1024x768.jpg 1024w\" sizes=\"auto, (max-width: 300px) 100vw, 300px\" \/><\/a>\n\t\t\t<\/dt>\n\t\t\t\t<dd class='wp-caption-text gallery-caption' id='gallery-1-2470'>\n\t\t\t\tWieviele S\u00e4ulen seht ihr?\n\t\t\t\t<\/dd><\/dl><dl class='gallery-item'>\n\t\t\t<dt class='gallery-icon landscape'>\n\t\t\t\t<a href='https:\/\/www.ev-fmz-menschenkinder.de\/?attachment_id=2471'><img loading=\"lazy\" decoding=\"async\" width=\"300\" height=\"225\" src=\"https:\/\/www.ev-fmz-menschenkinder.de\/wp-content\/uploads\/2015\/03\/0031-300x225.jpg\" class=\"attachment-medium size-medium\" alt=\"\" aria-describedby=\"gallery-1-2471\" srcset=\"https:\/\/www.ev-fmz-menschenkinder.de\/wp-content\/uploads\/2015\/03\/0031-300x225.jpg 300w, https:\/\/www.ev-fmz-menschenkinder.de\/wp-content\/uploads\/2015\/03\/0031-1024x768.jpg 1024w\" sizes=\"auto, (max-width: 300px) 100vw, 300px\" \/><\/a>\n\t\t\t<\/dt>\n\t\t\t\t<dd class='wp-caption-text gallery-caption' id='gallery-1-2471'>\n\t\t\t\tAm Pleisbach&#8230;..\n\t\t\t\t<\/dd><\/dl><br style=\"clear: both\" \/><dl class='gallery-item'>\n\t\t\t<dt class='gallery-icon portrait'>\n\t\t\t\t<a href='https:\/\/www.ev-fmz-menschenkinder.de\/?attachment_id=2472'><img loading=\"lazy\" decoding=\"async\" width=\"225\" height=\"300\" src=\"https:\/\/www.ev-fmz-menschenkinder.de\/wp-content\/uploads\/2015\/03\/006-2-225x300.jpg\" class=\"attachment-medium size-medium\" alt=\"\" srcset=\"https:\/\/www.ev-fmz-menschenkinder.de\/wp-content\/uploads\/2015\/03\/006-2-225x300.jpg 225w, https:\/\/www.ev-fmz-menschenkinder.de\/wp-content\/uploads\/2015\/03\/006-2-768x1024.jpg 768w\" sizes=\"auto, (max-width: 225px) 100vw, 225px\" \/><\/a>\n\t\t\t<\/dt><\/dl><dl class='gallery-item'>\n\t\t\t<dt class='gallery-icon landscape'>\n\t\t\t\t<a href='https:\/\/www.ev-fmz-menschenkinder.de\/?attachment_id=2473'><img loading=\"lazy\" decoding=\"async\" width=\"300\" height=\"170\" src=\"https:\/\/www.ev-fmz-menschenkinder.de\/wp-content\/uploads\/2015\/03\/006a-300x170.jpg\" class=\"attachment-medium size-medium\" alt=\"\" aria-describedby=\"gallery-1-2473\" srcset=\"https:\/\/www.ev-fmz-menschenkinder.de\/wp-content\/uploads\/2015\/03\/006a-300x170.jpg 300w, https:\/\/www.ev-fmz-menschenkinder.de\/wp-content\/uploads\/2015\/03\/006a.jpg 779w\" sizes=\"auto, (max-width: 300px) 100vw, 300px\" \/><\/a>\n\t\t\t<\/dt>\n\t\t\t\t<dd class='wp-caption-text gallery-caption' id='gallery-1-2473'>\n\t\t\t\tJuhu \ud83d\ude42\n\t\t\t\t<\/dd><\/dl><dl class='gallery-item'>\n\t\t\t<dt class='gallery-icon landscape'>\n\t\t\t\t<a href='https:\/\/www.ev-fmz-menschenkinder.de\/?attachment_id=2474'><img loading=\"lazy\" decoding=\"async\" width=\"300\" height=\"225\" src=\"https:\/\/www.ev-fmz-menschenkinder.de\/wp-content\/uploads\/2015\/03\/007-300x225.jpg\" class=\"attachment-medium size-medium\" alt=\"\" aria-describedby=\"gallery-1-2474\" srcset=\"https:\/\/www.ev-fmz-menschenkinder.de\/wp-content\/uploads\/2015\/03\/007-300x225.jpg 300w, https:\/\/www.ev-fmz-menschenkinder.de\/wp-content\/uploads\/2015\/03\/007-1024x768.jpg 1024w\" sizes=\"auto, (max-width: 300px) 100vw, 300px\" \/><\/a>\n\t\t\t<\/dt>\n\t\t\t\t<dd class='wp-caption-text gallery-caption' id='gallery-1-2474'>\n\t\t\t\tKapelle des hl. Antonius&#8230;\n\t\t\t\t<\/dd><\/dl><br style=\"clear: both\" \/><dl class='gallery-item'>\n\t\t\t<dt class='gallery-icon landscape'>\n\t\t\t\t<a href='https:\/\/www.ev-fmz-menschenkinder.de\/?attachment_id=2475'><img loading=\"lazy\" decoding=\"async\" width=\"300\" height=\"225\" src=\"https:\/\/www.ev-fmz-menschenkinder.de\/wp-content\/uploads\/2015\/03\/0092-300x225.jpg\" class=\"attachment-medium size-medium\" alt=\"\" aria-describedby=\"gallery-1-2475\" srcset=\"https:\/\/www.ev-fmz-menschenkinder.de\/wp-content\/uploads\/2015\/03\/0092-300x225.jpg 300w, https:\/\/www.ev-fmz-menschenkinder.de\/wp-content\/uploads\/2015\/03\/0092-1024x768.jpg 1024w\" sizes=\"auto, (max-width: 300px) 100vw, 300px\" \/><\/a>\n\t\t\t<\/dt>\n\t\t\t\t<dd class='wp-caption-text gallery-caption' id='gallery-1-2475'>\n\t\t\t\thmmm, wo gehts jetzt lang?\n\t\t\t\t<\/dd><\/dl><dl class='gallery-item'>\n\t\t\t<dt class='gallery-icon landscape'>\n\t\t\t\t<a href='https:\/\/www.ev-fmz-menschenkinder.de\/?attachment_id=2477'><img loading=\"lazy\" decoding=\"async\" width=\"300\" height=\"225\" src=\"https:\/\/www.ev-fmz-menschenkinder.de\/wp-content\/uploads\/2015\/03\/0142-300x225.jpg\" class=\"attachment-medium size-medium\" alt=\"\" aria-describedby=\"gallery-1-2477\" srcset=\"https:\/\/www.ev-fmz-menschenkinder.de\/wp-content\/uploads\/2015\/03\/0142-300x225.jpg 300w, https:\/\/www.ev-fmz-menschenkinder.de\/wp-content\/uploads\/2015\/03\/0142-1024x768.jpg 1024w\" sizes=\"auto, (max-width: 300px) 100vw, 300px\" \/><\/a>\n\t\t\t<\/dt>\n\t\t\t\t<dd class='wp-caption-text gallery-caption' id='gallery-1-2477'>\n\t\t\t\tGeschafft, m\u00fcde aber gl\u00fccklich gibt es nachher noch ein Eis \ud83d\ude42\n\t\t\t\t<\/dd><\/dl>\n\t\t\t<br style='clear: both' \/>\n\t\t<\/div>\n\n","protected":false},"excerpt":{"rendered":"<p>Nach einiger Zeit ohne Mutter-Kind-Nachmittag fanden wir, dass es mal wieder an der Zeit war\u00a0ihn ins Leben zur\u00fcck zurufen. Wir entschieden uns f\u00fcr den Anfang f\u00fcr eine Rally durch Niederpleis. Schon in kurzer Zeit hatten wir 13 Anmeldungen. Der\u00a0Nachmittag\u00a0hat\u00a0allen viel Spa\u00df gemacht und wird \u00a0von vielen Anwesenden dringend f\u00fcr das n\u00e4chste Jahr wieder gew\u00fcnscht :-)&#8230;.. [&hellip;]<\/p>\n","protected":false},"author":2,"featured_media":0,"comment_status":"open","ping_status":"open","sticky":false,"template":"","format":"standard","meta":{"footnotes":""},"categories":[16],"tags":[86,94],"class_list":["post-2468","post","type-post","status-publish","format-standard","hentry","category-aus-unserer-arbeit","tag-mutter-kind-tag","tag-onlinetagebuch"],"_links":{"self":[{"href":"https:\/\/www.ev-fmz-menschenkinder.de\/index.php?rest_route=\/wp\/v2\/posts\/2468","targetHints":{"allow":["GET"]}}],"collection":[{"href":"https:\/\/www.ev-fmz-menschenkinder.de\/index.php?rest_route=\/wp\/v2\/posts"}],"about":[{"href":"https:\/\/www.ev-fmz-menschenkinder.de\/index.php?rest_route=\/wp\/v2\/types\/post"}],"author":[{"embeddable":true,"href":"https:\/\/www.ev-fmz-menschenkinder.de\/index.php?rest_route=\/wp\/v2\/users\/2"}],"replies":[{"embeddable":true,"href":"https:\/\/www.ev-fmz-menschenkinder.de\/index.php?rest_route=%2Fwp%2Fv2%2Fcomments&post=2468"}],"version-history":[{"count":1,"href":"https:\/\/www.ev-fmz-menschenkinder.de\/index.php?rest_route=\/wp\/v2\/posts\/2468\/revisions"}],"predecessor-version":[{"id":2478,"href":"https:\/\/www.ev-fmz-menschenkinder.de\/index.php?rest_route=\/wp\/v2\/posts\/2468\/revisions\/2478"}],"wp:attachment":[{"href":"https:\/\/www.ev-fmz-menschenkinder.de\/index.php?rest_route=%2Fwp%2Fv2%2Fmedia&parent=2468"}],"wp:term":[{"taxonomy":"category","embeddable":true,"href":"https:\/\/www.ev-fmz-menschenkinder.de\/index.php?rest_route=%2Fwp%2Fv2%2Fcategories&post=2468"},{"taxonomy":"post_tag","embeddable":true,"href":"https:\/\/www.ev-fmz-menschenkinder.de\/index.php?rest_route=%2Fwp%2Fv2%2Ftags&post=2468"}],"curies":[{"name":"wp","href":"https:\/\/api.w.org\/{rel}","templated":true}]}}