{"id":2342,"date":"2015-02-10T15:09:41","date_gmt":"2015-02-10T14:09:41","guid":{"rendered":"http:\/\/www.ev-fmz-menschenkinder.de\/?p=2342"},"modified":"2015-02-11T15:36:51","modified_gmt":"2015-02-11T14:36:51","slug":"turnen-mit-muell","status":"publish","type":"post","link":"https:\/\/www.ev-fmz-menschenkinder.de\/?p=2342","title":{"rendered":"Turnen mit M\u00fcll"},"content":{"rendered":"<p>In ihrem Projekt haben die Piraten auch gelernt, wie man mit vermeindlichem M\u00fcll<\/p>\n<p>noch richtig sinnvoll besch\u00e4ftigen kann.<\/p>\n<p>Am Dienstag wurde mit M\u00fcll geturnt:<\/p>\n<p><a href=\"https:\/\/www.ev-fmz-menschenkinder.de\/wp-content\/uploads\/2015\/02\/DSC01949.jpg\"><img loading=\"lazy\" decoding=\"async\" class=\"alignleft  wp-image-2343\" src=\"https:\/\/www.ev-fmz-menschenkinder.de\/wp-content\/uploads\/2015\/02\/DSC01949-150x150.jpg\" alt=\"DSC01949\" width=\"200\" height=\"200\" \/><\/a> <a href=\"https:\/\/www.ev-fmz-menschenkinder.de\/wp-content\/uploads\/2015\/02\/DSC01958.jpg\"><img loading=\"lazy\" decoding=\"async\" class=\"alignleft  wp-image-2344\" src=\"https:\/\/www.ev-fmz-menschenkinder.de\/wp-content\/uploads\/2015\/02\/DSC01958-150x150.jpg\" alt=\"DSC01958\" width=\"200\" height=\"200\" \/><\/a> <a href=\"https:\/\/www.ev-fmz-menschenkinder.de\/wp-content\/uploads\/2015\/02\/DSC01961.jpg\"><img loading=\"lazy\" decoding=\"async\" class=\"alignleft  wp-image-2345\" src=\"https:\/\/www.ev-fmz-menschenkinder.de\/wp-content\/uploads\/2015\/02\/DSC01961-150x150.jpg\" alt=\"DSC01961\" width=\"200\" height=\"200\" \/><\/a> <a href=\"https:\/\/www.ev-fmz-menschenkinder.de\/wp-content\/uploads\/2015\/02\/DSC01981.jpg\"><img loading=\"lazy\" decoding=\"async\" class=\"alignleft  wp-image-2346\" src=\"https:\/\/www.ev-fmz-menschenkinder.de\/wp-content\/uploads\/2015\/02\/DSC01981-150x150.jpg\" alt=\"DSC01981\" width=\"200\" height=\"200\" \/><\/a> <a href=\"https:\/\/www.ev-fmz-menschenkinder.de\/wp-content\/uploads\/2015\/02\/DSC01983.jpg\"><img loading=\"lazy\" decoding=\"async\" class=\"  wp-image-2347 alignnone\" src=\"https:\/\/www.ev-fmz-menschenkinder.de\/wp-content\/uploads\/2015\/02\/DSC01983-150x150.jpg\" alt=\"DSC01983\" width=\"200\" height=\"200\" \/><\/a><a href=\"https:\/\/www.ev-fmz-menschenkinder.de\/wp-content\/uploads\/2015\/02\/DSC02031.jpg\"><img loading=\"lazy\" decoding=\"async\" class=\"alignleft  wp-image-2358\" src=\"https:\/\/www.ev-fmz-menschenkinder.de\/wp-content\/uploads\/2015\/02\/DSC02031-150x150.jpg\" alt=\"DSC02031\" width=\"200\" height=\"200\" \/><\/a><\/p>\n<p>&nbsp;<\/p>\n<p>Hinterher hatten wir zwar immer noch eine Menge M\u00fcll, aber daf\u00fcr richtig viel Spa\u00df :-)&#8230;&#8230;<\/p>\n<p>&nbsp;<\/p>\n<p>Au\u00dfer dem entstanden unsere M\u00fcllkunstwerke, die wir am Mittwoch morgen zwischen 7.30\u00a0 und 9.00 Uhr in einer<\/p>\n<p>Vernissage im Flur pr\u00e4sentieren d\u00fcrfen:<\/p>\n<p>&nbsp;<\/p>\n<p><a href=\"https:\/\/www.ev-fmz-menschenkinder.de\/wp-content\/uploads\/2015\/02\/DSC01932.jpg\"><img loading=\"lazy\" decoding=\"async\" class=\"alignleft size-thumbnail wp-image-2350\" src=\"https:\/\/www.ev-fmz-menschenkinder.de\/wp-content\/uploads\/2015\/02\/DSC01932-150x150.jpg\" alt=\"DSC01932\" width=\"150\" height=\"150\" \/><\/a> <a href=\"https:\/\/www.ev-fmz-menschenkinder.de\/wp-content\/uploads\/2015\/02\/DSC01937.jpg\"><img loading=\"lazy\" decoding=\"async\" class=\"alignleft size-thumbnail wp-image-2351\" src=\"https:\/\/www.ev-fmz-menschenkinder.de\/wp-content\/uploads\/2015\/02\/DSC01937-150x150.jpg\" alt=\"DSC01937\" width=\"150\" height=\"150\" \/><\/a> <a href=\"https:\/\/www.ev-fmz-menschenkinder.de\/wp-content\/uploads\/2015\/02\/DSC01988.jpg\"><img loading=\"lazy\" decoding=\"async\" class=\"alignleft size-thumbnail wp-image-2352\" src=\"https:\/\/www.ev-fmz-menschenkinder.de\/wp-content\/uploads\/2015\/02\/DSC01988-150x150.jpg\" alt=\"DSC01988\" width=\"150\" height=\"150\" \/><\/a> <a href=\"https:\/\/www.ev-fmz-menschenkinder.de\/wp-content\/uploads\/2015\/02\/DSC01991.jpg\"><img loading=\"lazy\" decoding=\"async\" class=\"alignleft size-thumbnail wp-image-2353\" src=\"https:\/\/www.ev-fmz-menschenkinder.de\/wp-content\/uploads\/2015\/02\/DSC01991-150x150.jpg\" alt=\"DSC01991\" width=\"150\" height=\"150\" \/><\/a> <a href=\"https:\/\/www.ev-fmz-menschenkinder.de\/wp-content\/uploads\/2015\/02\/DSC01995.jpg\"><img loading=\"lazy\" decoding=\"async\" class=\"alignleft size-thumbnail wp-image-2354\" src=\"https:\/\/www.ev-fmz-menschenkinder.de\/wp-content\/uploads\/2015\/02\/DSC01995-150x150.jpg\" alt=\"DSC01995\" width=\"150\" height=\"150\" \/><\/a> <a href=\"https:\/\/www.ev-fmz-menschenkinder.de\/wp-content\/uploads\/2015\/02\/DSC02019.jpg\"><img loading=\"lazy\" decoding=\"async\" class=\"alignleft size-thumbnail wp-image-2355\" src=\"https:\/\/www.ev-fmz-menschenkinder.de\/wp-content\/uploads\/2015\/02\/DSC02019-150x150.jpg\" alt=\"DSC02019\" width=\"150\" height=\"150\" \/><\/a> <a href=\"https:\/\/www.ev-fmz-menschenkinder.de\/wp-content\/uploads\/2015\/02\/DSC02026.jpg\"><img loading=\"lazy\" decoding=\"async\" class=\"alignleft size-thumbnail wp-image-2356\" src=\"https:\/\/www.ev-fmz-menschenkinder.de\/wp-content\/uploads\/2015\/02\/DSC02026-150x150.jpg\" alt=\"DSC02026\" width=\"150\" height=\"150\" \/><\/a> <a href=\"https:\/\/www.ev-fmz-menschenkinder.de\/wp-content\/uploads\/2015\/02\/DSC02029.jpg\"><img loading=\"lazy\" decoding=\"async\" class=\"alignleft size-thumbnail wp-image-2357\" src=\"https:\/\/www.ev-fmz-menschenkinder.de\/wp-content\/uploads\/2015\/02\/DSC02029-150x150.jpg\" alt=\"DSC02029\" width=\"150\" height=\"150\" \/><\/a> <a href=\"https:\/\/www.ev-fmz-menschenkinder.de\/wp-content\/uploads\/2015\/02\/DSC02439.jpg\"><img loading=\"lazy\" decoding=\"async\" class=\"alignleft size-thumbnail wp-image-2359\" src=\"https:\/\/www.ev-fmz-menschenkinder.de\/wp-content\/uploads\/2015\/02\/DSC02439-150x150.jpg\" alt=\"DSC02439\" width=\"150\" height=\"150\" \/><\/a><\/p>\n","protected":false},"excerpt":{"rendered":"<p>In ihrem Projekt haben die Piraten auch gelernt, wie man mit vermeindlichem M\u00fcll noch richtig sinnvoll besch\u00e4ftigen kann. Am Dienstag wurde mit M\u00fcll geturnt: &nbsp; Hinterher hatten wir zwar immer noch eine Menge M\u00fcll, aber daf\u00fcr richtig viel Spa\u00df :-)&#8230;&#8230; &nbsp; Au\u00dfer dem entstanden unsere M\u00fcllkunstwerke, die wir am Mittwoch morgen zwischen 7.30\u00a0 und 9.00 [&hellip;]<\/p>\n","protected":false},"author":2,"featured_media":0,"comment_status":"open","ping_status":"open","sticky":false,"template":"","format":"standard","meta":{"footnotes":""},"categories":[16],"tags":[94],"class_list":["post-2342","post","type-post","status-publish","format-standard","hentry","category-aus-unserer-arbeit","tag-onlinetagebuch"],"_links":{"self":[{"href":"https:\/\/www.ev-fmz-menschenkinder.de\/index.php?rest_route=\/wp\/v2\/posts\/2342","targetHints":{"allow":["GET"]}}],"collection":[{"href":"https:\/\/www.ev-fmz-menschenkinder.de\/index.php?rest_route=\/wp\/v2\/posts"}],"about":[{"href":"https:\/\/www.ev-fmz-menschenkinder.de\/index.php?rest_route=\/wp\/v2\/types\/post"}],"author":[{"embeddable":true,"href":"https:\/\/www.ev-fmz-menschenkinder.de\/index.php?rest_route=\/wp\/v2\/users\/2"}],"replies":[{"embeddable":true,"href":"https:\/\/www.ev-fmz-menschenkinder.de\/index.php?rest_route=%2Fwp%2Fv2%2Fcomments&post=2342"}],"version-history":[{"count":3,"href":"https:\/\/www.ev-fmz-menschenkinder.de\/index.php?rest_route=\/wp\/v2\/posts\/2342\/revisions"}],"predecessor-version":[{"id":2360,"href":"https:\/\/www.ev-fmz-menschenkinder.de\/index.php?rest_route=\/wp\/v2\/posts\/2342\/revisions\/2360"}],"wp:attachment":[{"href":"https:\/\/www.ev-fmz-menschenkinder.de\/index.php?rest_route=%2Fwp%2Fv2%2Fmedia&parent=2342"}],"wp:term":[{"taxonomy":"category","embeddable":true,"href":"https:\/\/www.ev-fmz-menschenkinder.de\/index.php?rest_route=%2Fwp%2Fv2%2Fcategories&post=2342"},{"taxonomy":"post_tag","embeddable":true,"href":"https:\/\/www.ev-fmz-menschenkinder.de\/index.php?rest_route=%2Fwp%2Fv2%2Ftags&post=2342"}],"curies":[{"name":"wp","href":"https:\/\/api.w.org\/{rel}","templated":true}]}}