{"id":2322,"date":"2015-02-09T14:33:18","date_gmt":"2015-02-09T13:33:18","guid":{"rendered":"http:\/\/www.ev-fmz-menschenkinder.de\/?p=2322"},"modified":"2015-02-11T15:09:04","modified_gmt":"2015-02-11T14:09:04","slug":"ausflug-zur-muellumladestation","status":"publish","type":"post","link":"https:\/\/www.ev-fmz-menschenkinder.de\/?p=2322","title":{"rendered":"Ausflug zur M\u00fcllumladestation"},"content":{"rendered":"<p>In der Piratengruppe findet zur Zeit ein gro\u00dfartiges Projekt zum Thema M\u00fcll statt.<\/p>\n<p>Am Montag, den 09.02. haben die Piratenkinder einen Ausflug zur M\u00fcllumladestation in<\/p>\n<p>Troisdorf-Friedrich-Wilhelms-H\u00fctte gemacht. Es gab viel zu entdecken:<\/p>\n<p>&nbsp;<\/p>\n<p><a href=\"https:\/\/www.ev-fmz-menschenkinder.de\/wp-content\/uploads\/2015\/02\/IMG_0074.jpg\"><img loading=\"lazy\" decoding=\"async\" class=\"alignleft size-medium wp-image-2336\" src=\"https:\/\/www.ev-fmz-menschenkinder.de\/wp-content\/uploads\/2015\/02\/IMG_0074-300x225.jpg\" alt=\"IMG_0074\" width=\"300\" height=\"225\" srcset=\"https:\/\/www.ev-fmz-menschenkinder.de\/wp-content\/uploads\/2015\/02\/IMG_0074-300x225.jpg 300w, https:\/\/www.ev-fmz-menschenkinder.de\/wp-content\/uploads\/2015\/02\/IMG_0074-1024x768.jpg 1024w\" sizes=\"auto, (max-width: 300px) 100vw, 300px\" \/><\/a><a href=\"https:\/\/www.ev-fmz-menschenkinder.de\/wp-content\/uploads\/2015\/02\/IMG_0083.jpg\"><img loading=\"lazy\" decoding=\"async\" class=\"alignleft size-medium wp-image-2340\" src=\"https:\/\/www.ev-fmz-menschenkinder.de\/wp-content\/uploads\/2015\/02\/IMG_0083-300x225.jpg\" alt=\"IMG_0083\" width=\"300\" height=\"225\" srcset=\"https:\/\/www.ev-fmz-menschenkinder.de\/wp-content\/uploads\/2015\/02\/IMG_0083-300x225.jpg 300w, https:\/\/www.ev-fmz-menschenkinder.de\/wp-content\/uploads\/2015\/02\/IMG_0083-1024x768.jpg 1024w\" sizes=\"auto, (max-width: 300px) 100vw, 300px\" \/><\/a>\u00a0 <a href=\"https:\/\/www.ev-fmz-menschenkinder.de\/wp-content\/uploads\/2015\/02\/IMG_0082.jpg\"><img loading=\"lazy\" decoding=\"async\" class=\"alignleft size-medium wp-image-2339\" src=\"https:\/\/www.ev-fmz-menschenkinder.de\/wp-content\/uploads\/2015\/02\/IMG_0082-300x225.jpg\" alt=\"IMG_0082\" width=\"300\" height=\"225\" srcset=\"https:\/\/www.ev-fmz-menschenkinder.de\/wp-content\/uploads\/2015\/02\/IMG_0082-300x225.jpg 300w, https:\/\/www.ev-fmz-menschenkinder.de\/wp-content\/uploads\/2015\/02\/IMG_0082-1024x768.jpg 1024w\" sizes=\"auto, (max-width: 300px) 100vw, 300px\" \/><\/a> <a href=\"https:\/\/www.ev-fmz-menschenkinder.de\/wp-content\/uploads\/2015\/02\/IMG_0077.jpg\"><img loading=\"lazy\" decoding=\"async\" class=\"alignleft size-medium wp-image-2337\" src=\"https:\/\/www.ev-fmz-menschenkinder.de\/wp-content\/uploads\/2015\/02\/IMG_0077-300x225.jpg\" alt=\"IMG_0077\" width=\"300\" height=\"225\" srcset=\"https:\/\/www.ev-fmz-menschenkinder.de\/wp-content\/uploads\/2015\/02\/IMG_0077-300x225.jpg 300w, https:\/\/www.ev-fmz-menschenkinder.de\/wp-content\/uploads\/2015\/02\/IMG_0077-1024x768.jpg 1024w\" sizes=\"auto, (max-width: 300px) 100vw, 300px\" \/><\/a> <a href=\"https:\/\/www.ev-fmz-menschenkinder.de\/wp-content\/uploads\/2015\/02\/IMG_0067.jpg\"><img loading=\"lazy\" decoding=\"async\" class=\"alignleft size-medium wp-image-2333\" src=\"https:\/\/www.ev-fmz-menschenkinder.de\/wp-content\/uploads\/2015\/02\/IMG_0067-300x225.jpg\" alt=\"IMG_0067\" width=\"300\" height=\"225\" srcset=\"https:\/\/www.ev-fmz-menschenkinder.de\/wp-content\/uploads\/2015\/02\/IMG_0067-300x225.jpg 300w, https:\/\/www.ev-fmz-menschenkinder.de\/wp-content\/uploads\/2015\/02\/IMG_0067-1024x768.jpg 1024w\" sizes=\"auto, (max-width: 300px) 100vw, 300px\" \/><\/a> <a href=\"https:\/\/www.ev-fmz-menschenkinder.de\/wp-content\/uploads\/2015\/02\/IMG_0064.jpg\"><img loading=\"lazy\" decoding=\"async\" class=\"alignleft size-medium wp-image-2332\" src=\"https:\/\/www.ev-fmz-menschenkinder.de\/wp-content\/uploads\/2015\/02\/IMG_0064-300x225.jpg\" alt=\"IMG_0064\" width=\"300\" height=\"225\" srcset=\"https:\/\/www.ev-fmz-menschenkinder.de\/wp-content\/uploads\/2015\/02\/IMG_0064-300x225.jpg 300w, https:\/\/www.ev-fmz-menschenkinder.de\/wp-content\/uploads\/2015\/02\/IMG_0064-1024x768.jpg 1024w\" sizes=\"auto, (max-width: 300px) 100vw, 300px\" \/><\/a> <a href=\"https:\/\/www.ev-fmz-menschenkinder.de\/wp-content\/uploads\/2015\/02\/IMG_0052.jpg\"><img loading=\"lazy\" decoding=\"async\" class=\"alignleft size-medium wp-image-2329\" src=\"https:\/\/www.ev-fmz-menschenkinder.de\/wp-content\/uploads\/2015\/02\/IMG_0052-300x225.jpg\" alt=\"IMG_0052\" width=\"300\" height=\"225\" srcset=\"https:\/\/www.ev-fmz-menschenkinder.de\/wp-content\/uploads\/2015\/02\/IMG_0052-300x225.jpg 300w, https:\/\/www.ev-fmz-menschenkinder.de\/wp-content\/uploads\/2015\/02\/IMG_0052-1024x768.jpg 1024w\" sizes=\"auto, (max-width: 300px) 100vw, 300px\" \/><\/a>\u00a0 <a href=\"https:\/\/www.ev-fmz-menschenkinder.de\/wp-content\/uploads\/2015\/02\/IMG_0034.jpg\"><img loading=\"lazy\" decoding=\"async\" class=\"alignleft  wp-image-2326\" src=\"https:\/\/www.ev-fmz-menschenkinder.de\/wp-content\/uploads\/2015\/02\/IMG_0034-225x300.jpg\" alt=\"IMG_0034\" width=\"170\" height=\"226\" srcset=\"https:\/\/www.ev-fmz-menschenkinder.de\/wp-content\/uploads\/2015\/02\/IMG_0034-225x300.jpg 225w, https:\/\/www.ev-fmz-menschenkinder.de\/wp-content\/uploads\/2015\/02\/IMG_0034-768x1024.jpg 768w\" sizes=\"auto, (max-width: 170px) 100vw, 170px\" \/><\/a> <a href=\"https:\/\/www.ev-fmz-menschenkinder.de\/wp-content\/uploads\/2015\/02\/IMG_0027.jpg\"><img loading=\"lazy\" decoding=\"async\" class=\" size-medium wp-image-2325 alignnone\" src=\"https:\/\/www.ev-fmz-menschenkinder.de\/wp-content\/uploads\/2015\/02\/IMG_0027-300x225.jpg\" alt=\"IMG_0027\" width=\"300\" height=\"225\" srcset=\"https:\/\/www.ev-fmz-menschenkinder.de\/wp-content\/uploads\/2015\/02\/IMG_0027-300x225.jpg 300w, https:\/\/www.ev-fmz-menschenkinder.de\/wp-content\/uploads\/2015\/02\/IMG_0027-1024x768.jpg 1024w\" sizes=\"auto, (max-width: 300px) 100vw, 300px\" \/><\/a><\/p>\n<p>&nbsp;<\/p>\n<p>Was wird ganz besonders gesehen haben, WIR ALLE machen viel zu viel M\u00fcll!!!!!<\/p>\n<p>Ganz sch\u00f6n erschreckend!!!!!<\/p>\n<p>&nbsp;<\/p>\n<p><a href=\"https:\/\/www.ev-fmz-menschenkinder.de\/wp-content\/uploads\/2015\/02\/IMG_0024.jpg\"><img loading=\"lazy\" decoding=\"async\" class=\"alignleft  wp-image-2324\" src=\"https:\/\/www.ev-fmz-menschenkinder.de\/wp-content\/uploads\/2015\/02\/IMG_0024-150x150.jpg\" alt=\"IMG_0024\" width=\"200\" height=\"200\" \/><\/a> <a href=\"https:\/\/www.ev-fmz-menschenkinder.de\/wp-content\/uploads\/2015\/02\/IMG_0042.jpg\"><img loading=\"lazy\" decoding=\"async\" class=\"alignleft  wp-image-2328\" src=\"https:\/\/www.ev-fmz-menschenkinder.de\/wp-content\/uploads\/2015\/02\/IMG_0042-150x150.jpg\" alt=\"IMG_0042\" width=\"200\" height=\"200\" \/><\/a> <a href=\"https:\/\/www.ev-fmz-menschenkinder.de\/wp-content\/uploads\/2015\/02\/IMG_0053.jpg\"><img loading=\"lazy\" decoding=\"async\" class=\"alignleft  wp-image-2330\" src=\"https:\/\/www.ev-fmz-menschenkinder.de\/wp-content\/uploads\/2015\/02\/IMG_0053-150x150.jpg\" alt=\"IMG_0053\" width=\"200\" height=\"200\" \/><\/a> <a href=\"https:\/\/www.ev-fmz-menschenkinder.de\/wp-content\/uploads\/2015\/02\/IMG_0068.jpg\"><img loading=\"lazy\" decoding=\"async\" class=\"alignleft  wp-image-2334\" src=\"https:\/\/www.ev-fmz-menschenkinder.de\/wp-content\/uploads\/2015\/02\/IMG_0068-150x150.jpg\" alt=\"IMG_0068\" width=\"200\" height=\"200\" \/><\/a> <a href=\"https:\/\/www.ev-fmz-menschenkinder.de\/wp-content\/uploads\/2015\/02\/IMG_0055.jpg\"><img loading=\"lazy\" decoding=\"async\" class=\"alignleft  wp-image-2331\" src=\"https:\/\/www.ev-fmz-menschenkinder.de\/wp-content\/uploads\/2015\/02\/IMG_0055-150x150.jpg\" alt=\"IMG_0055\" width=\"200\" height=\"200\" \/><\/a> <a href=\"https:\/\/www.ev-fmz-menschenkinder.de\/wp-content\/uploads\/2015\/02\/IMG_0069.jpg\"><img loading=\"lazy\" decoding=\"async\" class=\"alignleft  wp-image-2335\" src=\"https:\/\/www.ev-fmz-menschenkinder.de\/wp-content\/uploads\/2015\/02\/IMG_0069-150x150.jpg\" alt=\"IMG_0069\" width=\"200\" height=\"200\" \/><\/a> <a href=\"https:\/\/www.ev-fmz-menschenkinder.de\/wp-content\/uploads\/2015\/02\/IMG_0079.jpg\"><img loading=\"lazy\" decoding=\"async\" class=\"alignleft  wp-image-2338\" src=\"https:\/\/www.ev-fmz-menschenkinder.de\/wp-content\/uploads\/2015\/02\/IMG_0079-150x150.jpg\" alt=\"IMG_0079\" width=\"200\" height=\"200\" \/><\/a><\/p>\n<p>&nbsp;<\/p>\n<p>&nbsp;<\/p>\n<p>&nbsp;<\/p>\n<p>&nbsp;<\/p>\n<p>&nbsp;<\/p>\n<p>&nbsp;<\/p>\n<p>&nbsp;<\/p>\n<p>&nbsp;<\/p>\n<p>&nbsp;<\/p>\n<p>&nbsp;<\/p>\n<p>&nbsp;<\/p>\n<p>&nbsp;<\/p>\n<p>&nbsp;<\/p>\n<p>&nbsp;<\/p>\n","protected":false},"excerpt":{"rendered":"<p>In der Piratengruppe findet zur Zeit ein gro\u00dfartiges Projekt zum Thema M\u00fcll statt. Am Montag, den 09.02. haben die Piratenkinder einen Ausflug zur M\u00fcllumladestation in Troisdorf-Friedrich-Wilhelms-H\u00fctte gemacht. Es gab viel zu entdecken: &nbsp; \u00a0 \u00a0 &nbsp; Was wird ganz besonders gesehen haben, WIR ALLE machen viel zu viel M\u00fcll!!!!! Ganz sch\u00f6n erschreckend!!!!! &nbsp; &nbsp; &nbsp; [&hellip;]<\/p>\n","protected":false},"author":2,"featured_media":0,"comment_status":"open","ping_status":"open","sticky":false,"template":"","format":"standard","meta":{"footnotes":""},"categories":[16],"tags":[83,94],"class_list":["post-2322","post","type-post","status-publish","format-standard","hentry","category-aus-unserer-arbeit","tag-ausfluege","tag-onlinetagebuch"],"_links":{"self":[{"href":"https:\/\/www.ev-fmz-menschenkinder.de\/index.php?rest_route=\/wp\/v2\/posts\/2322","targetHints":{"allow":["GET"]}}],"collection":[{"href":"https:\/\/www.ev-fmz-menschenkinder.de\/index.php?rest_route=\/wp\/v2\/posts"}],"about":[{"href":"https:\/\/www.ev-fmz-menschenkinder.de\/index.php?rest_route=\/wp\/v2\/types\/post"}],"author":[{"embeddable":true,"href":"https:\/\/www.ev-fmz-menschenkinder.de\/index.php?rest_route=\/wp\/v2\/users\/2"}],"replies":[{"embeddable":true,"href":"https:\/\/www.ev-fmz-menschenkinder.de\/index.php?rest_route=%2Fwp%2Fv2%2Fcomments&post=2322"}],"version-history":[{"count":1,"href":"https:\/\/www.ev-fmz-menschenkinder.de\/index.php?rest_route=\/wp\/v2\/posts\/2322\/revisions"}],"predecessor-version":[{"id":2341,"href":"https:\/\/www.ev-fmz-menschenkinder.de\/index.php?rest_route=\/wp\/v2\/posts\/2322\/revisions\/2341"}],"wp:attachment":[{"href":"https:\/\/www.ev-fmz-menschenkinder.de\/index.php?rest_route=%2Fwp%2Fv2%2Fmedia&parent=2322"}],"wp:term":[{"taxonomy":"category","embeddable":true,"href":"https:\/\/www.ev-fmz-menschenkinder.de\/index.php?rest_route=%2Fwp%2Fv2%2Fcategories&post=2322"},{"taxonomy":"post_tag","embeddable":true,"href":"https:\/\/www.ev-fmz-menschenkinder.de\/index.php?rest_route=%2Fwp%2Fv2%2Ftags&post=2322"}],"curies":[{"name":"wp","href":"https:\/\/api.w.org\/{rel}","templated":true}]}}