{"id":2260,"date":"2014-12-03T15:13:58","date_gmt":"2014-12-03T14:13:58","guid":{"rendered":"http:\/\/www.ev-fmz-menschenkinder.de\/?p=2260"},"modified":"2014-12-03T19:41:01","modified_gmt":"2014-12-03T18:41:01","slug":"wir-wurden-30-jahre-alt-es-war-ein-tolles-fest","status":"publish","type":"post","link":"https:\/\/www.ev-fmz-menschenkinder.de\/?p=2260","title":{"rendered":"Wir wurden 30 Jahre alt&#8212;es war ein tolles Fest!"},"content":{"rendered":"<p>Am Sonntag, den 30. November 2014 haben wir mit einem festlichen Familiengottesdienst im Paul-Gerhard-Haus den Beginn der Adventszeit und unser 30j\u00e4hriges Jubil\u00e4um gefeiert. Thema war &#8222;Die Krone der Gerechtigkeit&#8220;. Die Spatzenchor-Kinder haben wundervoll gesungen und unser kleines Anspiel begleitet.<\/p>\n<p>&nbsp;<\/p>\n<p><a href=\"https:\/\/www.ev-fmz-menschenkinder.de\/wp-content\/uploads\/2014\/12\/15726574709_05cc4c613a_o.jpg\"><img loading=\"lazy\" decoding=\"async\" class=\"alignleft size-medium wp-image-2251\" src=\"https:\/\/www.ev-fmz-menschenkinder.de\/wp-content\/uploads\/2014\/12\/15726574709_05cc4c613a_o-300x225.jpg\" alt=\"OLYMPUS DIGITAL CAMERA\" width=\"300\" height=\"225\" srcset=\"https:\/\/www.ev-fmz-menschenkinder.de\/wp-content\/uploads\/2014\/12\/15726574709_05cc4c613a_o-300x225.jpg 300w, https:\/\/www.ev-fmz-menschenkinder.de\/wp-content\/uploads\/2014\/12\/15726574709_05cc4c613a_o-1024x768.jpg 1024w\" sizes=\"auto, (max-width: 300px) 100vw, 300px\" \/><\/a> \u00a0\u00a0\u00a0\u00a0\u00a0\u00a0\u00a0\u00a0 <a href=\"https:\/\/www.ev-fmz-menschenkinder.de\/wp-content\/uploads\/2014\/12\/15725036888_58bde297ea_o.jpg\"><img loading=\"lazy\" decoding=\"async\" class=\"alignleft size-medium wp-image-2250\" src=\"https:\/\/www.ev-fmz-menschenkinder.de\/wp-content\/uploads\/2014\/12\/15725036888_58bde297ea_o-300x225.jpg\" alt=\"OLYMPUS DIGITAL CAMERA\" width=\"300\" height=\"225\" srcset=\"https:\/\/www.ev-fmz-menschenkinder.de\/wp-content\/uploads\/2014\/12\/15725036888_58bde297ea_o-300x225.jpg 300w, https:\/\/www.ev-fmz-menschenkinder.de\/wp-content\/uploads\/2014\/12\/15725036888_58bde297ea_o-1024x768.jpg 1024w\" sizes=\"auto, (max-width: 300px) 100vw, 300px\" \/><\/a><\/p>\n<p>&nbsp;<\/p>\n<p>&nbsp;<\/p>\n<p>&nbsp;<\/p>\n<p>&nbsp;<\/p>\n<p>&nbsp;<\/p>\n<p>&nbsp;<\/p>\n<p>&nbsp;<\/p>\n<p>Gleichzeitig mussten wir aber auch Abschied nehmen von unserem &#8222;Lecker-Peter&#8220; Peter Langenhahn, der nach 21 Jahren in den Ruhestand\u00a0 gegangen ist&#8230;&#8230;..<\/p>\n<p>&nbsp;<\/p>\n<p><a href=\"https:\/\/www.ev-fmz-menschenkinder.de\/wp-content\/uploads\/2014\/12\/15292890563_d55a74053e_o.jpg\"><img loading=\"lazy\" decoding=\"async\" class=\"alignleft  wp-image-2248\" src=\"https:\/\/www.ev-fmz-menschenkinder.de\/wp-content\/uploads\/2014\/12\/15292890563_d55a74053e_o-1024x768.jpg\" alt=\"OLYMPUS DIGITAL CAMERA\" width=\"303\" height=\"227\" srcset=\"https:\/\/www.ev-fmz-menschenkinder.de\/wp-content\/uploads\/2014\/12\/15292890563_d55a74053e_o-1024x768.jpg 1024w, https:\/\/www.ev-fmz-menschenkinder.de\/wp-content\/uploads\/2014\/12\/15292890563_d55a74053e_o-300x225.jpg 300w\" sizes=\"auto, (max-width: 303px) 100vw, 303px\" \/><\/a><\/p>\n<p>&nbsp;<\/p>\n<p>&nbsp;<\/p>\n<p>&nbsp;<\/p>\n<p>&nbsp;<\/p>\n<p>&nbsp;<\/p>\n<p>&nbsp;<\/p>\n<p>&nbsp;<\/p>\n<p>&nbsp;<\/p>\n<p>&#8230;.. und durften auch Frau Kristina Diedrich als seine Nachfolgerin begr\u00fc\u00dfen.<\/p>\n<p>&nbsp;<\/p>\n<p><a href=\"https:\/\/www.ev-fmz-menschenkinder.de\/wp-content\/uploads\/2014\/12\/15886776096_64636dca55_o.jpg\"><img loading=\"lazy\" decoding=\"async\" class=\"alignleft size-medium wp-image-2255\" src=\"https:\/\/www.ev-fmz-menschenkinder.de\/wp-content\/uploads\/2014\/12\/15886776096_64636dca55_o-300x225.jpg\" alt=\"OLYMPUS DIGITAL CAMERA\" width=\"300\" height=\"225\" srcset=\"https:\/\/www.ev-fmz-menschenkinder.de\/wp-content\/uploads\/2014\/12\/15886776096_64636dca55_o-300x225.jpg 300w, https:\/\/www.ev-fmz-menschenkinder.de\/wp-content\/uploads\/2014\/12\/15886776096_64636dca55_o-1024x768.jpg 1024w\" sizes=\"auto, (max-width: 300px) 100vw, 300px\" \/><\/a><\/p>\n<p>&nbsp;<\/p>\n<p>&nbsp;<\/p>\n<p>&nbsp;<\/p>\n<p>&nbsp;<\/p>\n<p>&nbsp;<\/p>\n<p>&nbsp;<\/p>\n<p>&nbsp;<\/p>\n<p>&nbsp;<\/p>\n<p>Danach wurde in unserem Familienzentrum gro\u00df gefeiert&#8230;. Nach dem Sektempfang mit leckeren belegten Br\u00f6tchen, gab es zun\u00e4chst einen offiziellen Teil im Turnraum.<\/p>\n<p>&nbsp;<\/p>\n<p><a href=\"https:\/\/www.ev-fmz-menschenkinder.de\/wp-content\/uploads\/2014\/12\/15726578109_afdfb2814f_o.jpg\"><img loading=\"lazy\" decoding=\"async\" class=\"alignleft size-medium wp-image-2252\" src=\"https:\/\/www.ev-fmz-menschenkinder.de\/wp-content\/uploads\/2014\/12\/15726578109_afdfb2814f_o-300x225.jpg\" alt=\"OLYMPUS DIGITAL CAMERA\" width=\"300\" height=\"225\" srcset=\"https:\/\/www.ev-fmz-menschenkinder.de\/wp-content\/uploads\/2014\/12\/15726578109_afdfb2814f_o-300x225.jpg 300w, https:\/\/www.ev-fmz-menschenkinder.de\/wp-content\/uploads\/2014\/12\/15726578109_afdfb2814f_o-1024x768.jpg 1024w\" sizes=\"auto, (max-width: 300px) 100vw, 300px\" \/><\/a><\/p>\n<p>&nbsp;<\/p>\n<p>&nbsp;<\/p>\n<p>&nbsp;<\/p>\n<p>&nbsp;<\/p>\n<p>&nbsp;<\/p>\n<p>&nbsp;<\/p>\n<p>&nbsp;<\/p>\n<p>&nbsp;<\/p>\n<p>Wir bedanken uns an dieser Stelle noch einmal bei Frau van Niekerk, Frau Lente und Frau Bergmann-Gries f\u00fcr ihre sch\u00f6nen Grussworte und Aufmerksamkeiten.<\/p>\n<p>&nbsp;<\/p>\n<p><a href=\"https:\/\/www.ev-fmz-menschenkinder.de\/wp-content\/uploads\/2014\/12\/15911992452_193d42abe3_o.jpg\"><img loading=\"lazy\" decoding=\"async\" class=\"alignleft size-medium wp-image-2258\" src=\"https:\/\/www.ev-fmz-menschenkinder.de\/wp-content\/uploads\/2014\/12\/15911992452_193d42abe3_o-300x225.jpg\" alt=\"OLYMPUS DIGITAL CAMERA\" width=\"300\" height=\"225\" srcset=\"https:\/\/www.ev-fmz-menschenkinder.de\/wp-content\/uploads\/2014\/12\/15911992452_193d42abe3_o-300x225.jpg 300w, https:\/\/www.ev-fmz-menschenkinder.de\/wp-content\/uploads\/2014\/12\/15911992452_193d42abe3_o-1024x768.jpg 1024w\" sizes=\"auto, (max-width: 300px) 100vw, 300px\" \/><\/a> <a href=\"https:\/\/www.ev-fmz-menschenkinder.de\/wp-content\/uploads\/2014\/12\/15910772331_4253747f6f_o.jpg\"><img loading=\"lazy\" decoding=\"async\" class=\"alignleft size-medium wp-image-2256\" src=\"https:\/\/www.ev-fmz-menschenkinder.de\/wp-content\/uploads\/2014\/12\/15910772331_4253747f6f_o-300x225.jpg\" alt=\"OLYMPUS DIGITAL CAMERA\" width=\"300\" height=\"225\" srcset=\"https:\/\/www.ev-fmz-menschenkinder.de\/wp-content\/uploads\/2014\/12\/15910772331_4253747f6f_o-300x225.jpg 300w, https:\/\/www.ev-fmz-menschenkinder.de\/wp-content\/uploads\/2014\/12\/15910772331_4253747f6f_o-1024x768.jpg 1024w\" sizes=\"auto, (max-width: 300px) 100vw, 300px\" \/><\/a> <a href=\"https:\/\/www.ev-fmz-menschenkinder.de\/wp-content\/uploads\/2014\/12\/15726631679_c2f1df2361_o.jpg\"><img loading=\"lazy\" decoding=\"async\" class=\"aligncenter wp-image-2253 size-medium\" src=\"https:\/\/www.ev-fmz-menschenkinder.de\/wp-content\/uploads\/2014\/12\/15726631679_c2f1df2361_o-300x225.jpg\" alt=\"OLYMPUS DIGITAL CAMERA\" width=\"300\" height=\"225\" srcset=\"https:\/\/www.ev-fmz-menschenkinder.de\/wp-content\/uploads\/2014\/12\/15726631679_c2f1df2361_o-300x225.jpg 300w, https:\/\/www.ev-fmz-menschenkinder.de\/wp-content\/uploads\/2014\/12\/15726631679_c2f1df2361_o-1024x768.jpg 1024w\" sizes=\"auto, (max-width: 300px) 100vw, 300px\" \/><\/a><\/p>\n<p>&nbsp;<\/p>\n<p>Auch die Kinder waren mit Feuereifer bei der Sache und sangen f\u00fcr ihre Kita ein tolles Geburtstagslied&#8230;&#8230;<\/p>\n<p>&nbsp;<\/p>\n<p><a href=\"https:\/\/www.ev-fmz-menschenkinder.de\/wp-content\/uploads\/2014\/12\/15912001712_6c64603cf2_o.jpg\"><img loading=\"lazy\" decoding=\"async\" class=\"alignleft size-medium wp-image-2259\" src=\"https:\/\/www.ev-fmz-menschenkinder.de\/wp-content\/uploads\/2014\/12\/15912001712_6c64603cf2_o-300x225.jpg\" alt=\"OLYMPUS DIGITAL CAMERA\" width=\"300\" height=\"225\" srcset=\"https:\/\/www.ev-fmz-menschenkinder.de\/wp-content\/uploads\/2014\/12\/15912001712_6c64603cf2_o-300x225.jpg 300w, https:\/\/www.ev-fmz-menschenkinder.de\/wp-content\/uploads\/2014\/12\/15912001712_6c64603cf2_o-1024x768.jpg 1024w\" sizes=\"auto, (max-width: 300px) 100vw, 300px\" \/><\/a><\/p>\n<p>&nbsp;<\/p>\n<p>&nbsp;<\/p>\n<p>&nbsp;<\/p>\n<p>&nbsp;<\/p>\n<p>&nbsp;<\/p>\n<p>&nbsp;<\/p>\n<p>&nbsp;<\/p>\n<p>&nbsp;<\/p>\n<p>&#8230;&#8230;und tanzten zum Abschlu\u00df des offiziellen Teils hochkonzentriert und sehr motiviert.<\/p>\n<p>&nbsp;<\/p>\n<p><a href=\"https:\/\/www.ev-fmz-menschenkinder.de\/wp-content\/uploads\/2014\/12\/15726723779_5845d338c1_o.jpg\"><img loading=\"lazy\" decoding=\"async\" class=\"alignleft size-medium wp-image-2254\" src=\"https:\/\/www.ev-fmz-menschenkinder.de\/wp-content\/uploads\/2014\/12\/15726723779_5845d338c1_o-300x225.jpg\" alt=\"OLYMPUS DIGITAL CAMERA\" width=\"300\" height=\"225\" srcset=\"https:\/\/www.ev-fmz-menschenkinder.de\/wp-content\/uploads\/2014\/12\/15726723779_5845d338c1_o-300x225.jpg 300w, https:\/\/www.ev-fmz-menschenkinder.de\/wp-content\/uploads\/2014\/12\/15726723779_5845d338c1_o-1024x768.jpg 1024w\" sizes=\"auto, (max-width: 300px) 100vw, 300px\" \/><\/a> <a href=\"https:\/\/www.ev-fmz-menschenkinder.de\/wp-content\/uploads\/2014\/12\/15293105333_caa8750884_o.jpg\"><img loading=\"lazy\" decoding=\"async\" class=\"alignleft size-medium wp-image-2249\" src=\"https:\/\/www.ev-fmz-menschenkinder.de\/wp-content\/uploads\/2014\/12\/15293105333_caa8750884_o-300x225.jpg\" alt=\"OLYMPUS DIGITAL CAMERA\" width=\"300\" height=\"225\" srcset=\"https:\/\/www.ev-fmz-menschenkinder.de\/wp-content\/uploads\/2014\/12\/15293105333_caa8750884_o-300x225.jpg 300w, https:\/\/www.ev-fmz-menschenkinder.de\/wp-content\/uploads\/2014\/12\/15293105333_caa8750884_o-1024x768.jpg 1024w\" sizes=\"auto, (max-width: 300px) 100vw, 300px\" \/><\/a><\/p>\n<p><img loading=\"lazy\" decoding=\"async\" class=\"alignleft size-medium wp-image-2267\" src=\"https:\/\/www.ev-fmz-menschenkinder.de\/wp-content\/uploads\/2014\/12\/0031-300x225.jpg\" alt=\"003\" width=\"300\" height=\"225\" srcset=\"https:\/\/www.ev-fmz-menschenkinder.de\/wp-content\/uploads\/2014\/12\/0031-300x225.jpg 300w, https:\/\/www.ev-fmz-menschenkinder.de\/wp-content\/uploads\/2014\/12\/0031-1024x768.jpg 1024w\" sizes=\"auto, (max-width: 300px) 100vw, 300px\" \/><\/p>\n<p>&nbsp;<\/p>\n<p>&nbsp;<\/p>\n<p>&nbsp;<\/p>\n<p>&nbsp;<\/p>\n<p>&nbsp;<\/p>\n<p>&nbsp;<\/p>\n<p>&nbsp;<\/p>\n<p>&nbsp;<\/p>\n<p>&nbsp;<\/p>\n<p>&nbsp;<\/p>\n<p>&nbsp;<\/p>\n<p>&nbsp;<\/p>\n<p>&nbsp;<\/p>\n<p>&nbsp;<\/p>\n<p>Hinterher gab es die Gelegenheit auf vielen Plakaten die Geschichte und die Arbeit der Kita von gestern bis heute zu betrachten, in der R\u00e4uberh\u00f6hle Kronen zu basteln, in der Indianergruppe Waffeln zu essen oder Pl\u00e4tzchen zu kaufen (gebacken von unserem sehr, sehr tatkr\u00e4ftigen Elternrat) oder dem Clown Christian Kr\u00f6hl (<a href=\"http:\/\/www.the-clown.de\/\"> http:\/\/www.the-clown.de\/ <\/a>) bei seinen Sp\u00e4\u00dfen zu zuschauen.<\/p>\n<p>&nbsp;<\/p>\n<p><a href=\"https:\/\/www.ev-fmz-menschenkinder.de\/wp-content\/uploads\/2014\/12\/015.jpg\"><img loading=\"lazy\" decoding=\"async\" class=\"alignleft size-medium wp-image-2268\" src=\"https:\/\/www.ev-fmz-menschenkinder.de\/wp-content\/uploads\/2014\/12\/015-225x300.jpg\" alt=\"015\" width=\"225\" height=\"300\" srcset=\"https:\/\/www.ev-fmz-menschenkinder.de\/wp-content\/uploads\/2014\/12\/015-225x300.jpg 225w, https:\/\/www.ev-fmz-menschenkinder.de\/wp-content\/uploads\/2014\/12\/015-768x1024.jpg 768w\" sizes=\"auto, (max-width: 225px) 100vw, 225px\" \/><\/a> <a href=\"https:\/\/www.ev-fmz-menschenkinder.de\/wp-content\/uploads\/2014\/12\/021.jpg\"><img loading=\"lazy\" decoding=\"async\" class=\"alignleft size-medium wp-image-2269\" src=\"https:\/\/www.ev-fmz-menschenkinder.de\/wp-content\/uploads\/2014\/12\/021-225x300.jpg\" alt=\"021\" width=\"225\" height=\"300\" srcset=\"https:\/\/www.ev-fmz-menschenkinder.de\/wp-content\/uploads\/2014\/12\/021-225x300.jpg 225w, https:\/\/www.ev-fmz-menschenkinder.de\/wp-content\/uploads\/2014\/12\/021-768x1024.jpg 768w\" sizes=\"auto, (max-width: 225px) 100vw, 225px\" \/><\/a><\/p>\n<p>&nbsp;<\/p>\n<p>&nbsp;<\/p>\n<p>&nbsp;<\/p>\n<p>&nbsp;<\/p>\n<p>&nbsp;<\/p>\n<p>&nbsp;<\/p>\n<p>&nbsp;<\/p>\n<p>&nbsp;<\/p>\n<p>&nbsp;<\/p>\n<p>&nbsp;<\/p>\n<p>Es war ein wundersch\u00f6ner Tag mit netten G\u00e4sten, alten Bekannten und tollen Gespr\u00e4chen. Herzlichen Dank an alle die uns so gro\u00dfartig unterst\u00fctzt haben, allen voran der Elternrat, der nicht nur die Waffelb\u00e4ckerei angeboten, sondern dar\u00fcber hinaus auch noch 100 Br\u00f6tchen frisch belegt und mit den Kindern 1000! Pl\u00e4tzchen gebacken hatte.<\/p>\n<p>&nbsp;<\/p>\n<p>Ihr seid gro\u00df<a href=\"https:\/\/www.ev-fmz-menschenkinder.de\/wp-content\/uploads\/2014\/12\/023.jpg\"><img loading=\"lazy\" decoding=\"async\" class=\"alignleft size-medium wp-image-2270\" src=\"https:\/\/www.ev-fmz-menschenkinder.de\/wp-content\/uploads\/2014\/12\/023-300x225.jpg\" alt=\"023\" width=\"300\" height=\"225\" srcset=\"https:\/\/www.ev-fmz-menschenkinder.de\/wp-content\/uploads\/2014\/12\/023-300x225.jpg 300w, https:\/\/www.ev-fmz-menschenkinder.de\/wp-content\/uploads\/2014\/12\/023-1024x768.jpg 1024w\" sizes=\"auto, (max-width: 300px) 100vw, 300px\" \/><\/a>e Klasse, vielen lieben Dank!!!!<\/p>\n<p>&nbsp;<\/p>\n<p>&nbsp;<\/p>\n<p>&nbsp;<\/p>\n<p>&nbsp;<\/p>\n<p>&nbsp;<\/p>\n<p>&nbsp;<\/p>\n<p>&nbsp;<\/p>\n<p>&nbsp;<\/p>\n<p>&nbsp;<\/p>\n<p>&nbsp;<\/p>\n<p>&nbsp;<\/p>\n","protected":false},"excerpt":{"rendered":"<p>Am Sonntag, den 30. November 2014 haben wir mit einem festlichen Familiengottesdienst im Paul-Gerhard-Haus den Beginn der Adventszeit und unser 30j\u00e4hriges Jubil\u00e4um gefeiert. Thema war &#8222;Die Krone der Gerechtigkeit&#8220;. Die Spatzenchor-Kinder haben wundervoll gesungen und unser kleines Anspiel begleitet. &nbsp; \u00a0\u00a0\u00a0\u00a0\u00a0\u00a0\u00a0\u00a0 &nbsp; &nbsp; &nbsp; &nbsp; &nbsp; &nbsp; &nbsp; Gleichzeitig mussten wir aber auch Abschied nehmen [&hellip;]<\/p>\n","protected":false},"author":2,"featured_media":0,"comment_status":"open","ping_status":"open","sticky":false,"template":"","format":"standard","meta":{"footnotes":""},"categories":[1,16],"tags":[77,94],"class_list":["post-2260","post","type-post","status-publish","format-standard","hentry","category-allgemein","category-aus-unserer-arbeit","tag-jubilaeum","tag-onlinetagebuch"],"_links":{"self":[{"href":"https:\/\/www.ev-fmz-menschenkinder.de\/index.php?rest_route=\/wp\/v2\/posts\/2260","targetHints":{"allow":["GET"]}}],"collection":[{"href":"https:\/\/www.ev-fmz-menschenkinder.de\/index.php?rest_route=\/wp\/v2\/posts"}],"about":[{"href":"https:\/\/www.ev-fmz-menschenkinder.de\/index.php?rest_route=\/wp\/v2\/types\/post"}],"author":[{"embeddable":true,"href":"https:\/\/www.ev-fmz-menschenkinder.de\/index.php?rest_route=\/wp\/v2\/users\/2"}],"replies":[{"embeddable":true,"href":"https:\/\/www.ev-fmz-menschenkinder.de\/index.php?rest_route=%2Fwp%2Fv2%2Fcomments&post=2260"}],"version-history":[{"count":10,"href":"https:\/\/www.ev-fmz-menschenkinder.de\/index.php?rest_route=\/wp\/v2\/posts\/2260\/revisions"}],"predecessor-version":[{"id":2279,"href":"https:\/\/www.ev-fmz-menschenkinder.de\/index.php?rest_route=\/wp\/v2\/posts\/2260\/revisions\/2279"}],"wp:attachment":[{"href":"https:\/\/www.ev-fmz-menschenkinder.de\/index.php?rest_route=%2Fwp%2Fv2%2Fmedia&parent=2260"}],"wp:term":[{"taxonomy":"category","embeddable":true,"href":"https:\/\/www.ev-fmz-menschenkinder.de\/index.php?rest_route=%2Fwp%2Fv2%2Fcategories&post=2260"},{"taxonomy":"post_tag","embeddable":true,"href":"https:\/\/www.ev-fmz-menschenkinder.de\/index.php?rest_route=%2Fwp%2Fv2%2Ftags&post=2260"}],"curies":[{"name":"wp","href":"https:\/\/api.w.org\/{rel}","templated":true}]}}