{"id":1912,"date":"2014-03-24T14:25:43","date_gmt":"2014-03-24T13:25:43","guid":{"rendered":"http:\/\/www.ev-fmz-menschenkinder.de\/?p=1912"},"modified":"2014-03-24T14:25:43","modified_gmt":"2014-03-24T13:25:43","slug":"die-eroeffnung-der-raiffeisenbank","status":"publish","type":"post","link":"https:\/\/www.ev-fmz-menschenkinder.de\/?p=1912","title":{"rendered":"Die Er\u00f6ffnung der Raiffeisenbank"},"content":{"rendered":"<p>Heute war ein besonderer Tag, denn die neue Raiffeisenbank feierte ihre Neuer\u00f6ffnung.<\/p>\n<p>Zu diesem Anlass sind die Kinder der Indianergruppe gemeinsam hingegangen, um den dortigen Mitarbeitern nochmals pers\u00f6nlich f\u00fcr die Spende ( unseren Krippenwagen) zu danken.<\/p>\n<p>Alle haben sich sehr gefreut und f\u00fcr die Kinder gab es dann noch Malb\u00fccher und Seifenblasen und f\u00fcr unsere Mitarbeiterinnen eine Rose!<\/p>\n<p style=\"text-align: center;\"><a href=\"https:\/\/www.ev-fmz-menschenkinder.de\/wp-content\/uploads\/2014\/03\/P1050101.jpg\"><img loading=\"lazy\" decoding=\"async\" class=\"aligncenter size-medium wp-image-1913\" alt=\"P1050101\" src=\"https:\/\/www.ev-fmz-menschenkinder.de\/wp-content\/uploads\/2014\/03\/P1050101-300x225.jpg\" width=\"300\" height=\"225\" srcset=\"https:\/\/www.ev-fmz-menschenkinder.de\/wp-content\/uploads\/2014\/03\/P1050101-300x225.jpg 300w, https:\/\/www.ev-fmz-menschenkinder.de\/wp-content\/uploads\/2014\/03\/P1050101-1024x768.jpg 1024w\" sizes=\"auto, (max-width: 300px) 100vw, 300px\" \/><\/a><\/p>\n<p style=\"text-align: center;\"><a href=\"https:\/\/www.ev-fmz-menschenkinder.de\/wp-content\/uploads\/2014\/03\/P1050103.jpg\"><img loading=\"lazy\" decoding=\"async\" class=\"aligncenter size-medium wp-image-1915\" alt=\"P1050103\" src=\"https:\/\/www.ev-fmz-menschenkinder.de\/wp-content\/uploads\/2014\/03\/P1050103-300x225.jpg\" width=\"300\" height=\"225\" srcset=\"https:\/\/www.ev-fmz-menschenkinder.de\/wp-content\/uploads\/2014\/03\/P1050103-300x225.jpg 300w, https:\/\/www.ev-fmz-menschenkinder.de\/wp-content\/uploads\/2014\/03\/P1050103-1024x768.jpg 1024w\" sizes=\"auto, (max-width: 300px) 100vw, 300px\" \/><\/a><\/p>\n<p style=\"text-align: center;\">Als Dankesch\u00f6n f\u00fcr ihre Spende erhielt die Filiale von uns ein Bild mit dem Krippenwagen in Aktion..<\/p>\n<p style=\"text-align: center;\">\n<p style=\"text-align: center;\">Vielen lieben Dank nochmal !!!<\/p>\n","protected":false},"excerpt":{"rendered":"<p>Heute war ein besonderer Tag, denn die neue Raiffeisenbank feierte ihre Neuer\u00f6ffnung. Zu diesem Anlass sind die Kinder der Indianergruppe gemeinsam hingegangen, um den dortigen Mitarbeitern nochmals pers\u00f6nlich f\u00fcr die Spende ( unseren Krippenwagen) zu danken. Alle haben sich sehr gefreut und f\u00fcr die Kinder gab es dann noch Malb\u00fccher und Seifenblasen und f\u00fcr unsere [&hellip;]<\/p>\n","protected":false},"author":2,"featured_media":0,"comment_status":"open","ping_status":"open","sticky":false,"template":"","format":"standard","meta":{"footnotes":""},"categories":[16,22],"tags":[94,23],"class_list":["post-1912","post","type-post","status-publish","format-standard","hentry","category-aus-unserer-arbeit","category-spielzeugfreier-kindergarten","tag-onlinetagebuch","tag-spielzeugfrei"],"_links":{"self":[{"href":"https:\/\/www.ev-fmz-menschenkinder.de\/index.php?rest_route=\/wp\/v2\/posts\/1912","targetHints":{"allow":["GET"]}}],"collection":[{"href":"https:\/\/www.ev-fmz-menschenkinder.de\/index.php?rest_route=\/wp\/v2\/posts"}],"about":[{"href":"https:\/\/www.ev-fmz-menschenkinder.de\/index.php?rest_route=\/wp\/v2\/types\/post"}],"author":[{"embeddable":true,"href":"https:\/\/www.ev-fmz-menschenkinder.de\/index.php?rest_route=\/wp\/v2\/users\/2"}],"replies":[{"embeddable":true,"href":"https:\/\/www.ev-fmz-menschenkinder.de\/index.php?rest_route=%2Fwp%2Fv2%2Fcomments&post=1912"}],"version-history":[{"count":2,"href":"https:\/\/www.ev-fmz-menschenkinder.de\/index.php?rest_route=\/wp\/v2\/posts\/1912\/revisions"}],"predecessor-version":[{"id":1917,"href":"https:\/\/www.ev-fmz-menschenkinder.de\/index.php?rest_route=\/wp\/v2\/posts\/1912\/revisions\/1917"}],"wp:attachment":[{"href":"https:\/\/www.ev-fmz-menschenkinder.de\/index.php?rest_route=%2Fwp%2Fv2%2Fmedia&parent=1912"}],"wp:term":[{"taxonomy":"category","embeddable":true,"href":"https:\/\/www.ev-fmz-menschenkinder.de\/index.php?rest_route=%2Fwp%2Fv2%2Fcategories&post=1912"},{"taxonomy":"post_tag","embeddable":true,"href":"https:\/\/www.ev-fmz-menschenkinder.de\/index.php?rest_route=%2Fwp%2Fv2%2Ftags&post=1912"}],"curies":[{"name":"wp","href":"https:\/\/api.w.org\/{rel}","templated":true}]}}