{"id":1887,"date":"2014-03-19T14:38:04","date_gmt":"2014-03-19T13:38:04","guid":{"rendered":"http:\/\/www.ev-fmz-menschenkinder.de\/?p=1887"},"modified":"2014-03-19T14:38:04","modified_gmt":"2014-03-19T13:38:04","slug":"der-waechter-des-berges","status":"publish","type":"post","link":"https:\/\/www.ev-fmz-menschenkinder.de\/?p=1887","title":{"rendered":"Der W\u00e4chter des Berges"},"content":{"rendered":"<p>&#8230;.sitzt auf seinem Thron und wacht \u00fcber seinen H\u00f6hlenturm!<\/p>\n<p><a href=\"https:\/\/www.ev-fmz-menschenkinder.de\/wp-content\/uploads\/2014\/03\/P1050097.jpg\"><img loading=\"lazy\" decoding=\"async\" class=\"aligncenter size-medium wp-image-1888\" alt=\"P1050097\" src=\"https:\/\/www.ev-fmz-menschenkinder.de\/wp-content\/uploads\/2014\/03\/P1050097-300x225.jpg\" width=\"300\" height=\"225\" srcset=\"https:\/\/www.ev-fmz-menschenkinder.de\/wp-content\/uploads\/2014\/03\/P1050097-300x225.jpg 300w, https:\/\/www.ev-fmz-menschenkinder.de\/wp-content\/uploads\/2014\/03\/P1050097-1024x768.jpg 1024w\" sizes=\"auto, (max-width: 300px) 100vw, 300px\" \/><\/a><\/p>\n<p><a href=\"https:\/\/www.ev-fmz-menschenkinder.de\/wp-content\/uploads\/2014\/03\/P1050098.jpg\"><img loading=\"lazy\" decoding=\"async\" class=\"aligncenter size-medium wp-image-1889\" alt=\"P1050098\" src=\"https:\/\/www.ev-fmz-menschenkinder.de\/wp-content\/uploads\/2014\/03\/P1050098-300x225.jpg\" width=\"300\" height=\"225\" srcset=\"https:\/\/www.ev-fmz-menschenkinder.de\/wp-content\/uploads\/2014\/03\/P1050098-300x225.jpg 300w, https:\/\/www.ev-fmz-menschenkinder.de\/wp-content\/uploads\/2014\/03\/P1050098-1024x768.jpg 1024w\" sizes=\"auto, (max-width: 300px) 100vw, 300px\" \/><\/a><\/p>\n<p>Seine beiden Leibw\u00e4chter sch\u00fctzen seine Burg und wenn auch nur einer in die N\u00e4he ihrer Behausung kommt, wird dieser mit Kissen in die Flucht geschlagen&#8230; \ud83d\ude42<\/p>\n<p>&nbsp;<\/p>\n<p>&nbsp;<\/p>\n","protected":false},"excerpt":{"rendered":"<p>&#8230;.sitzt auf seinem Thron und wacht \u00fcber seinen H\u00f6hlenturm! Seine beiden Leibw\u00e4chter sch\u00fctzen seine Burg und wenn auch nur einer in die N\u00e4he ihrer Behausung kommt, wird dieser mit Kissen in die Flucht geschlagen&#8230; \ud83d\ude42 &nbsp; &nbsp;<\/p>\n","protected":false},"author":2,"featured_media":0,"comment_status":"open","ping_status":"open","sticky":false,"template":"","format":"standard","meta":{"footnotes":""},"categories":[16,22],"tags":[94,23],"class_list":["post-1887","post","type-post","status-publish","format-standard","hentry","category-aus-unserer-arbeit","category-spielzeugfreier-kindergarten","tag-onlinetagebuch","tag-spielzeugfrei"],"_links":{"self":[{"href":"https:\/\/www.ev-fmz-menschenkinder.de\/index.php?rest_route=\/wp\/v2\/posts\/1887","targetHints":{"allow":["GET"]}}],"collection":[{"href":"https:\/\/www.ev-fmz-menschenkinder.de\/index.php?rest_route=\/wp\/v2\/posts"}],"about":[{"href":"https:\/\/www.ev-fmz-menschenkinder.de\/index.php?rest_route=\/wp\/v2\/types\/post"}],"author":[{"embeddable":true,"href":"https:\/\/www.ev-fmz-menschenkinder.de\/index.php?rest_route=\/wp\/v2\/users\/2"}],"replies":[{"embeddable":true,"href":"https:\/\/www.ev-fmz-menschenkinder.de\/index.php?rest_route=%2Fwp%2Fv2%2Fcomments&post=1887"}],"version-history":[{"count":1,"href":"https:\/\/www.ev-fmz-menschenkinder.de\/index.php?rest_route=\/wp\/v2\/posts\/1887\/revisions"}],"predecessor-version":[{"id":1890,"href":"https:\/\/www.ev-fmz-menschenkinder.de\/index.php?rest_route=\/wp\/v2\/posts\/1887\/revisions\/1890"}],"wp:attachment":[{"href":"https:\/\/www.ev-fmz-menschenkinder.de\/index.php?rest_route=%2Fwp%2Fv2%2Fmedia&parent=1887"}],"wp:term":[{"taxonomy":"category","embeddable":true,"href":"https:\/\/www.ev-fmz-menschenkinder.de\/index.php?rest_route=%2Fwp%2Fv2%2Fcategories&post=1887"},{"taxonomy":"post_tag","embeddable":true,"href":"https:\/\/www.ev-fmz-menschenkinder.de\/index.php?rest_route=%2Fwp%2Fv2%2Ftags&post=1887"}],"curies":[{"name":"wp","href":"https:\/\/api.w.org\/{rel}","templated":true}]}}