{"id":1838,"date":"2014-03-10T14:29:26","date_gmt":"2014-03-10T13:29:26","guid":{"rendered":"http:\/\/www.ev-fmz-menschenkinder.de\/?p=1838"},"modified":"2014-03-10T14:29:26","modified_gmt":"2014-03-10T13:29:26","slug":"spielzeugfrei-was-nun","status":"publish","type":"post","link":"https:\/\/www.ev-fmz-menschenkinder.de\/?p=1838","title":{"rendered":"Spielzeugfrei ! Was nun?"},"content":{"rendered":"<p>Der erste Tag ganz ohne Spielzeug&#8230;&#8230;<\/p>\n<p>Die Gruppen sind nun komplett leer ger\u00e4umt, nur noch das Mobiliar steht noch drin&#8230;<\/p>\n<p><a href=\"https:\/\/www.ev-fmz-menschenkinder.de\/wp-content\/uploads\/2014\/03\/P3100093.jpg\"><img loading=\"lazy\" decoding=\"async\" class=\"aligncenter size-medium wp-image-1839\" alt=\"OLYMPUS DIGITAL CAMERA\" src=\"https:\/\/www.ev-fmz-menschenkinder.de\/wp-content\/uploads\/2014\/03\/P3100093-300x225.jpg\" width=\"300\" height=\"225\" srcset=\"https:\/\/www.ev-fmz-menschenkinder.de\/wp-content\/uploads\/2014\/03\/P3100093-300x225.jpg 300w, https:\/\/www.ev-fmz-menschenkinder.de\/wp-content\/uploads\/2014\/03\/P3100093-1024x768.jpg 1024w, https:\/\/www.ev-fmz-menschenkinder.de\/wp-content\/uploads\/2014\/03\/P3100093.jpg 2048w\" sizes=\"auto, (max-width: 300px) 100vw, 300px\" \/><\/a><\/p>\n<p>Aber unsere Kinder haben schon ganz viele Ideen, was sie nun alles Tolles machen k\u00f6nnen&#8230;<\/p>\n<p><a href=\"https:\/\/www.ev-fmz-menschenkinder.de\/wp-content\/uploads\/2014\/03\/P3100097.jpg\"><img loading=\"lazy\" decoding=\"async\" class=\"aligncenter size-medium wp-image-1840\" alt=\"OLYMPUS DIGITAL CAMERA\" src=\"https:\/\/www.ev-fmz-menschenkinder.de\/wp-content\/uploads\/2014\/03\/P3100097-300x225.jpg\" width=\"300\" height=\"225\" srcset=\"https:\/\/www.ev-fmz-menschenkinder.de\/wp-content\/uploads\/2014\/03\/P3100097-300x225.jpg 300w, https:\/\/www.ev-fmz-menschenkinder.de\/wp-content\/uploads\/2014\/03\/P3100097-1024x768.jpg 1024w, https:\/\/www.ev-fmz-menschenkinder.de\/wp-content\/uploads\/2014\/03\/P3100097.jpg 2048w\" sizes=\"auto, (max-width: 300px) 100vw, 300px\" \/><\/a><\/p>\n<p>Na, was k\u00f6nnte das wohl sein? Ein Haus oder doch etwa eine H\u00f6hle?<\/p>\n<p>&nbsp;<\/p>\n<p>Andere werden richtig f\u00fcndig und siehe da, man kann auch mit Hausschuhen ganz toll Autofahren spielen&#8230;.<\/p>\n<p><a href=\"https:\/\/www.ev-fmz-menschenkinder.de\/wp-content\/uploads\/2014\/03\/DSC00300.jpg\"><img loading=\"lazy\" decoding=\"async\" class=\"aligncenter size-medium wp-image-1841\" alt=\"DSC00300\" src=\"https:\/\/www.ev-fmz-menschenkinder.de\/wp-content\/uploads\/2014\/03\/DSC00300-300x225.jpg\" width=\"300\" height=\"225\" srcset=\"https:\/\/www.ev-fmz-menschenkinder.de\/wp-content\/uploads\/2014\/03\/DSC00300-300x225.jpg 300w, https:\/\/www.ev-fmz-menschenkinder.de\/wp-content\/uploads\/2014\/03\/DSC00300-1024x768.jpg 1024w\" sizes=\"auto, (max-width: 300px) 100vw, 300px\" \/><\/a><\/p>\n<p>&nbsp;<\/p>\n<p>Der erste Tag ohne Spielzeug und unser Fazit des Tages : MAN KOMMT AUCH GANZ GUT OHNE ZURECHT!<\/p>\n","protected":false},"excerpt":{"rendered":"<p>Der erste Tag ganz ohne Spielzeug&#8230;&#8230; Die Gruppen sind nun komplett leer ger\u00e4umt, nur noch das Mobiliar steht noch drin&#8230; Aber unsere Kinder haben schon ganz viele Ideen, was sie nun alles Tolles machen k\u00f6nnen&#8230; Na, was k\u00f6nnte das wohl sein? Ein Haus oder doch etwa eine H\u00f6hle? &nbsp; Andere werden richtig f\u00fcndig und siehe [&hellip;]<\/p>\n","protected":false},"author":2,"featured_media":0,"comment_status":"open","ping_status":"open","sticky":false,"template":"","format":"standard","meta":{"footnotes":""},"categories":[16,22],"tags":[94,23],"class_list":["post-1838","post","type-post","status-publish","format-standard","hentry","category-aus-unserer-arbeit","category-spielzeugfreier-kindergarten","tag-onlinetagebuch","tag-spielzeugfrei"],"_links":{"self":[{"href":"https:\/\/www.ev-fmz-menschenkinder.de\/index.php?rest_route=\/wp\/v2\/posts\/1838","targetHints":{"allow":["GET"]}}],"collection":[{"href":"https:\/\/www.ev-fmz-menschenkinder.de\/index.php?rest_route=\/wp\/v2\/posts"}],"about":[{"href":"https:\/\/www.ev-fmz-menschenkinder.de\/index.php?rest_route=\/wp\/v2\/types\/post"}],"author":[{"embeddable":true,"href":"https:\/\/www.ev-fmz-menschenkinder.de\/index.php?rest_route=\/wp\/v2\/users\/2"}],"replies":[{"embeddable":true,"href":"https:\/\/www.ev-fmz-menschenkinder.de\/index.php?rest_route=%2Fwp%2Fv2%2Fcomments&post=1838"}],"version-history":[{"count":1,"href":"https:\/\/www.ev-fmz-menschenkinder.de\/index.php?rest_route=\/wp\/v2\/posts\/1838\/revisions"}],"predecessor-version":[{"id":1842,"href":"https:\/\/www.ev-fmz-menschenkinder.de\/index.php?rest_route=\/wp\/v2\/posts\/1838\/revisions\/1842"}],"wp:attachment":[{"href":"https:\/\/www.ev-fmz-menschenkinder.de\/index.php?rest_route=%2Fwp%2Fv2%2Fmedia&parent=1838"}],"wp:term":[{"taxonomy":"category","embeddable":true,"href":"https:\/\/www.ev-fmz-menschenkinder.de\/index.php?rest_route=%2Fwp%2Fv2%2Fcategories&post=1838"},{"taxonomy":"post_tag","embeddable":true,"href":"https:\/\/www.ev-fmz-menschenkinder.de\/index.php?rest_route=%2Fwp%2Fv2%2Ftags&post=1838"}],"curies":[{"name":"wp","href":"https:\/\/api.w.org\/{rel}","templated":true}]}}