{"id":1562,"date":"2013-04-17T13:59:08","date_gmt":"2013-04-17T11:59:08","guid":{"rendered":"http:\/\/www.ev-fmz-menschenkinder.de\/?p=1562"},"modified":"2013-04-17T14:12:50","modified_gmt":"2013-04-17T12:12:50","slug":"12-april-2013","status":"publish","type":"post","link":"https:\/\/www.ev-fmz-menschenkinder.de\/?p=1562","title":{"rendered":"12. April 2013"},"content":{"rendered":"<p>Die letzten Tage der Spielzeugfreien Zeit haben begonnen.<\/p>\n<p>So langsam bemerken wir die Vorfreude bei\u00a0einigen Kindern.<\/p>\n<p>Andere\u00a0haben aber auch schon gefragt:<\/p>\n<p>&#8222;D\u00fcrfen wir dann gar nicht mehr mit St\u00fchlen spielen und unter der Fensterbank sitzen?&#8220;<\/p>\n<p><a href=\"https:\/\/www.ev-fmz-menschenkinder.de\/wp-content\/uploads\/2013\/04\/004-6.jpg\"><img loading=\"lazy\" decoding=\"async\" class=\"alignleft size-medium wp-image-1564\" alt=\"OLYMPUS DIGITAL CAMERA\" src=\"https:\/\/www.ev-fmz-menschenkinder.de\/wp-content\/uploads\/2013\/04\/004-6-300x225.jpg\" width=\"300\" height=\"225\" srcset=\"https:\/\/www.ev-fmz-menschenkinder.de\/wp-content\/uploads\/2013\/04\/004-6-300x225.jpg 300w, https:\/\/www.ev-fmz-menschenkinder.de\/wp-content\/uploads\/2013\/04\/004-6-1024x768.jpg 1024w\" sizes=\"auto, (max-width: 300px) 100vw, 300px\" \/><\/a> <a href=\"https:\/\/www.ev-fmz-menschenkinder.de\/wp-content\/uploads\/2013\/04\/CIMG65401.jpg\"><img loading=\"lazy\" decoding=\"async\" class=\"alignleft size-medium wp-image-1565\" alt=\"CIMG6540\" src=\"https:\/\/www.ev-fmz-menschenkinder.de\/wp-content\/uploads\/2013\/04\/CIMG65401-300x225.jpg\" width=\"300\" height=\"225\" srcset=\"https:\/\/www.ev-fmz-menschenkinder.de\/wp-content\/uploads\/2013\/04\/CIMG65401-300x225.jpg 300w, https:\/\/www.ev-fmz-menschenkinder.de\/wp-content\/uploads\/2013\/04\/CIMG65401-1024x768.jpg 1024w, https:\/\/www.ev-fmz-menschenkinder.de\/wp-content\/uploads\/2013\/04\/CIMG65401.jpg 1728w\" sizes=\"auto, (max-width: 300px) 100vw, 300px\" \/><\/a><\/p>\n<p>&nbsp;<\/p>\n<p>&nbsp;<\/p>\n<p>&nbsp;<\/p>\n<p>&nbsp;<\/p>\n<p>&nbsp;<\/p>\n<p>&nbsp;<\/p>\n<p>&nbsp;<\/p>\n<p>Dazu k\u00f6nnen wir nur sagen: &#8222;Doch, nat\u00fcrlich d\u00fcrft ihr das!!!!&#8220;<\/p>\n","protected":false},"excerpt":{"rendered":"<p>Die letzten Tage der Spielzeugfreien Zeit haben begonnen. So langsam bemerken wir die Vorfreude bei\u00a0einigen Kindern. Andere\u00a0haben aber auch schon gefragt: &#8222;D\u00fcrfen wir dann gar nicht mehr mit St\u00fchlen spielen und unter der Fensterbank sitzen?&#8220; &nbsp; &nbsp; &nbsp; &nbsp; &nbsp; &nbsp; &nbsp; Dazu k\u00f6nnen wir nur sagen: &#8222;Doch, nat\u00fcrlich d\u00fcrft ihr das!!!!&#8220;<\/p>\n","protected":false},"author":2,"featured_media":0,"comment_status":"open","ping_status":"open","sticky":false,"template":"","format":"standard","meta":{"footnotes":""},"categories":[22],"tags":[94,23],"class_list":["post-1562","post","type-post","status-publish","format-standard","hentry","category-spielzeugfreier-kindergarten","tag-onlinetagebuch","tag-spielzeugfrei"],"_links":{"self":[{"href":"https:\/\/www.ev-fmz-menschenkinder.de\/index.php?rest_route=\/wp\/v2\/posts\/1562","targetHints":{"allow":["GET"]}}],"collection":[{"href":"https:\/\/www.ev-fmz-menschenkinder.de\/index.php?rest_route=\/wp\/v2\/posts"}],"about":[{"href":"https:\/\/www.ev-fmz-menschenkinder.de\/index.php?rest_route=\/wp\/v2\/types\/post"}],"author":[{"embeddable":true,"href":"https:\/\/www.ev-fmz-menschenkinder.de\/index.php?rest_route=\/wp\/v2\/users\/2"}],"replies":[{"embeddable":true,"href":"https:\/\/www.ev-fmz-menschenkinder.de\/index.php?rest_route=%2Fwp%2Fv2%2Fcomments&post=1562"}],"version-history":[{"count":4,"href":"https:\/\/www.ev-fmz-menschenkinder.de\/index.php?rest_route=\/wp\/v2\/posts\/1562\/revisions"}],"predecessor-version":[{"id":1566,"href":"https:\/\/www.ev-fmz-menschenkinder.de\/index.php?rest_route=\/wp\/v2\/posts\/1562\/revisions\/1566"}],"wp:attachment":[{"href":"https:\/\/www.ev-fmz-menschenkinder.de\/index.php?rest_route=%2Fwp%2Fv2%2Fmedia&parent=1562"}],"wp:term":[{"taxonomy":"category","embeddable":true,"href":"https:\/\/www.ev-fmz-menschenkinder.de\/index.php?rest_route=%2Fwp%2Fv2%2Fcategories&post=1562"},{"taxonomy":"post_tag","embeddable":true,"href":"https:\/\/www.ev-fmz-menschenkinder.de\/index.php?rest_route=%2Fwp%2Fv2%2Ftags&post=1562"}],"curies":[{"name":"wp","href":"https:\/\/api.w.org\/{rel}","templated":true}]}}