{"id":1538,"date":"2013-04-11T21:11:26","date_gmt":"2013-04-11T19:11:26","guid":{"rendered":"http:\/\/www.ev-fmz-menschenkinder.de\/?p=1538"},"modified":"2013-04-14T18:02:27","modified_gmt":"2013-04-14T16:02:27","slug":"11-april-2013","status":"publish","type":"post","link":"https:\/\/www.ev-fmz-menschenkinder.de\/?p=1538","title":{"rendered":"11. April 2013"},"content":{"rendered":"<p>Um 10.30 Uhr fand heute unsere Osterandacht mit David Bongartz statt.<\/p>\n<p><a href=\"https:\/\/www.ev-fmz-menschenkinder.de\/wp-content\/uploads\/2013\/04\/002.jpg\"><img loading=\"lazy\" decoding=\"async\" class=\"alignleft size-medium wp-image-1539\" alt=\"002\" src=\"https:\/\/www.ev-fmz-menschenkinder.de\/wp-content\/uploads\/2013\/04\/002-225x300.jpg\" width=\"225\" height=\"300\" srcset=\"https:\/\/www.ev-fmz-menschenkinder.de\/wp-content\/uploads\/2013\/04\/002-225x300.jpg 225w, https:\/\/www.ev-fmz-menschenkinder.de\/wp-content\/uploads\/2013\/04\/002-768x1024.jpg 768w\" sizes=\"auto, (max-width: 225px) 100vw, 225px\" \/><\/a> <a href=\"https:\/\/www.ev-fmz-menschenkinder.de\/wp-content\/uploads\/2013\/04\/004.jpg\"><img loading=\"lazy\" decoding=\"async\" class=\"alignleft size-medium wp-image-1540\" alt=\"004\" src=\"https:\/\/www.ev-fmz-menschenkinder.de\/wp-content\/uploads\/2013\/04\/004-300x225.jpg\" width=\"300\" height=\"225\" srcset=\"https:\/\/www.ev-fmz-menschenkinder.de\/wp-content\/uploads\/2013\/04\/004-300x225.jpg 300w, https:\/\/www.ev-fmz-menschenkinder.de\/wp-content\/uploads\/2013\/04\/004-1024x768.jpg 1024w\" sizes=\"auto, (max-width: 300px) 100vw, 300px\" \/><\/a><\/p>\n<p>&nbsp;<\/p>\n<p>&nbsp;<\/p>\n<p>&nbsp;<\/p>\n<p>&nbsp;<\/p>\n<p>&nbsp;<\/p>\n<p>&nbsp;<\/p>\n<p>&nbsp;<\/p>\n<p>&nbsp;<\/p>\n<p>Er erz\u00e4hlte uns die Emmaus-Geschichte:<\/p>\n<div><\/div>\n<div><\/div>\n<div><\/div>\n<div><\/div>\n<div><span style=\"text-decoration: underline;\">Jesus erscheint seinen J\u00fcngern \u2013 Emmausj\u00fcnger (Lukas 24,13-35)<\/span><\/div>\n<div><\/div>\n<div><\/div>\n<div><a href=\"https:\/\/www.ev-fmz-menschenkinder.de\/wp-content\/uploads\/2013\/04\/010.jpg\"><img loading=\"lazy\" decoding=\"async\" class=\"alignleft size-medium wp-image-1541\" alt=\"010\" src=\"https:\/\/www.ev-fmz-menschenkinder.de\/wp-content\/uploads\/2013\/04\/010-225x300.jpg\" width=\"225\" height=\"300\" srcset=\"https:\/\/www.ev-fmz-menschenkinder.de\/wp-content\/uploads\/2013\/04\/010-225x300.jpg 225w, https:\/\/www.ev-fmz-menschenkinder.de\/wp-content\/uploads\/2013\/04\/010-768x1024.jpg 768w\" sizes=\"auto, (max-width: 225px) 100vw, 225px\" \/><\/a><\/div>\n<div>\n<div>Es war Abend geworden. Zwei M\u00e4nner wanderten von Jerusalem zu dem kleinen<\/div>\n<div>Dorf Emmaus.<\/div>\n<p>Sie waren Freunde Jesu gewesen. Traurig gingen sie nebeneinander her<\/p>\n<\/div>\n<div>und unterhielten sich miteinander.<\/div>\n<div>\u201eNun ist alles vorbei\u201c, klagte der eine. \u201eJesus ist tot. Aber wir hatten gehofft, dass<\/div>\n<div>er unser K\u00f6nig wird!\u201c<\/div>\n<div>\u201eJa!\u201c fiel der andere ein. \u201eWarum musste Jesus nur sterben? Wir werden es nie<\/div>\n<div>begreifen.\u201c<\/div>\n<div><\/div>\n<div><\/div>\n<div><\/div>\n<div><\/div>\n<div><\/div>\n<div><\/div>\n<div><\/div>\n<div><\/div>\n<div><\/div>\n<div><a href=\"https:\/\/www.ev-fmz-menschenkinder.de\/wp-content\/uploads\/2013\/04\/011.jpg\"><img loading=\"lazy\" decoding=\"async\" class=\"alignleft size-medium wp-image-1542\" alt=\"011\" src=\"https:\/\/www.ev-fmz-menschenkinder.de\/wp-content\/uploads\/2013\/04\/011-225x300.jpg\" width=\"225\" height=\"300\" srcset=\"https:\/\/www.ev-fmz-menschenkinder.de\/wp-content\/uploads\/2013\/04\/011-225x300.jpg 225w, https:\/\/www.ev-fmz-menschenkinder.de\/wp-content\/uploads\/2013\/04\/011-768x1024.jpg 768w\" sizes=\"auto, (max-width: 225px) 100vw, 225px\" \/><\/a>Als sie so redeten, holte ein Fremder sie ein. Erst bemerkten sie ihn gar nicht. So<\/div>\n<div>sehr waren sie in ihr Gespr\u00e4ch vertieft. Doch der Fremde sprach sie an: \u201eVon wem redet<\/div>\n<div>ihr? Warum seid ihr so traurig?\u201c<\/div>\n<div>Die beiden blieben stehen und sahen den Fremden erstaunt an \u201eWie?\u201c fragten sie<\/div>\n<div>ihn. \u201eDu wei\u00dft nicht, was in Jerusalem geschehen ist?\u201c \u201eWas denn?\u201c fragte der Fremde.<\/div>\n<div>Da fingen die beiden an zu erz\u00e4hlen: \u201eKennst du Jesus von Nazareth? Er wurde<\/div>\n<div>get\u00f6tet und ans Kreuz geh\u00e4ngt wie ein Verbrecher. Aber er war kein Verbrecher. Er hat<\/div>\n<div>nur Gutes getan. Und wir hatten gehofft, er sei der Retter und werde unserem Volk helfen.<\/div>\n<div>Doch nun ist er tot, schon den dritten Tag. Aber stell dir vor: Heute Morgen kamen<\/div>\n<div>Frauen, und die sagten: \u201aJesus lebt! Sein Grab ist leer.\u2019 Doch wir wissen nicht, was wir<\/div>\n<div>davon halten sollen.\u201c<\/div>\n<div>\u201eAch ihr!\u201c rief der Fremde. \u201eWarum wollt ihr nicht glauben, was doch schon die<\/div>\n<div>Propheten vorausgesagt haben? Musste es nicht so geschehen? Wenn Jesus der Retter ist,<\/div>\n<div>musste er dann nicht leiden und sterben und auferstehen?\u201c Und er erkl\u00e4rte ihnen alles,<\/div>\n<div>was in den Heiligen Schriften \u00fcber den Retter stand.<\/div>\n<div><\/div>\n<div><\/div>\n<div><a href=\"https:\/\/www.ev-fmz-menschenkinder.de\/wp-content\/uploads\/2013\/04\/0121.jpg\"><img loading=\"lazy\" decoding=\"async\" class=\"alignleft size-medium wp-image-1547\" alt=\"012\" src=\"https:\/\/www.ev-fmz-menschenkinder.de\/wp-content\/uploads\/2013\/04\/0121-225x300.jpg\" width=\"225\" height=\"300\" srcset=\"https:\/\/www.ev-fmz-menschenkinder.de\/wp-content\/uploads\/2013\/04\/0121-225x300.jpg 225w, https:\/\/www.ev-fmz-menschenkinder.de\/wp-content\/uploads\/2013\/04\/0121-768x1024.jpg 768w\" sizes=\"auto, (max-width: 225px) 100vw, 225px\" \/><\/a> <a href=\"https:\/\/www.ev-fmz-menschenkinder.de\/wp-content\/uploads\/2013\/04\/013.jpg\"><img loading=\"lazy\" decoding=\"async\" class=\"alignleft size-medium wp-image-1548\" alt=\"013\" src=\"https:\/\/www.ev-fmz-menschenkinder.de\/wp-content\/uploads\/2013\/04\/013-225x300.jpg\" width=\"225\" height=\"300\" srcset=\"https:\/\/www.ev-fmz-menschenkinder.de\/wp-content\/uploads\/2013\/04\/013-225x300.jpg 225w, https:\/\/www.ev-fmz-menschenkinder.de\/wp-content\/uploads\/2013\/04\/013-768x1024.jpg 768w\" sizes=\"auto, (max-width: 225px) 100vw, 225px\" \/><\/a>Die beiden h\u00f6rten aufmerksam zu. Wie lebendig der Fremde die Schriften auslegte!<\/div>\n<div>Ganz anders als ihre Gelehrten! So etwas hatten sie noch nie geh\u00f6rt. Wer konnte dieser<\/div>\n<div>Fremde nur sein?<\/div>\n<div><\/div>\n<div><\/div>\n<div><\/div>\n<div><\/div>\n<div><\/div>\n<div><\/div>\n<div><\/div>\n<div><\/div>\n<div><\/div>\n<div><\/div>\n<div><\/div>\n<div><\/div>\n<div><\/div>\n<div><\/div>\n<div><\/div>\n<div><a href=\"https:\/\/www.ev-fmz-menschenkinder.de\/wp-content\/uploads\/2013\/04\/015.jpg\"><img loading=\"lazy\" decoding=\"async\" class=\"alignleft size-medium wp-image-1543\" alt=\"015\" src=\"https:\/\/www.ev-fmz-menschenkinder.de\/wp-content\/uploads\/2013\/04\/015-225x300.jpg\" width=\"225\" height=\"300\" srcset=\"https:\/\/www.ev-fmz-menschenkinder.de\/wp-content\/uploads\/2013\/04\/015-225x300.jpg 225w, https:\/\/www.ev-fmz-menschenkinder.de\/wp-content\/uploads\/2013\/04\/015-768x1024.jpg 768w\" sizes=\"auto, (max-width: 225px) 100vw, 225px\" \/><\/a><\/div>\n<div><\/div>\n<div><\/div>\n<div><\/div>\n<div><\/div>\n<div><\/div>\n<div><\/div>\n<div>Es war schon sp\u00e4t, als sie endlich in Emmaus ankamen. Die Sonne ging bereits<\/div>\n<div>unter. Da nahm der Fremde Abschied und wollte weiterziehen. Aber die beiden dr\u00e4ngten<\/div>\n<div>ihn und luden ihn ein: \u201eZieh bitte nicht weiter! Bleib bei uns! Denn bald ist es Nacht.\u201c<\/div>\n<div>Da ging der Fremde mit in ihr Haus und setzte sich mit ihnen zu Tisch.<\/div>\n<div><\/div>\n<div><\/div>\n<div><\/div>\n<div><\/div>\n<div><\/div>\n<div><\/div>\n<div><\/div>\n<div><\/div>\n<div><a href=\"https:\/\/www.ev-fmz-menschenkinder.de\/wp-content\/uploads\/2013\/04\/016.jpg\"><img loading=\"lazy\" decoding=\"async\" class=\"alignleft size-medium wp-image-1545\" alt=\"016\" src=\"https:\/\/www.ev-fmz-menschenkinder.de\/wp-content\/uploads\/2013\/04\/016-225x300.jpg\" width=\"225\" height=\"300\" srcset=\"https:\/\/www.ev-fmz-menschenkinder.de\/wp-content\/uploads\/2013\/04\/016-225x300.jpg 225w, https:\/\/www.ev-fmz-menschenkinder.de\/wp-content\/uploads\/2013\/04\/016-768x1024.jpg 768w\" sizes=\"auto, (max-width: 225px) 100vw, 225px\" \/><\/a>Und er\u00a0nahm das Brot, dankte Gott, brach es und gab es den beiden. Die aber starrten ihn an,<\/div>\n<div>mit aufgerissenen Augen. Mit einem Mal begriffen sie, wer da bei ihnen sa\u00df: Jesus war es,<\/div>\n<div>ihr Retter und Herr! Leibhaftig sa\u00df er vor ihnen. Er lebte! \u201eJesus!\u201c wollten sie rufen. \u201eBist<\/div>\n<div>du es wirklich?\u201c Aber da war Jesus nicht mehr zu sehen.<\/div>\n<div>Die Freunde sahen sich betroffen an. \u201eWie ist das nur m\u00f6glich?\u201c fragten sie sich.<\/div>\n<div>\u201eDen ganzen Weg ging Jesus mit uns. Aber wir haben ihn nicht erkannt. Und doch! Wie<\/div>\n<div>ging uns das herz auf, als er mit uns sprach und uns die Heilige Schrift erkl\u00e4rte!\u201c<\/div>\n<div>Da hielt es sie nicht mehr in ihrem Haus. Schnell standen sie auf und liefen noch<\/div>\n<div>am selben Abend nach Jerusalem zur\u00fcck. Dort eilten sie zu dem Haus, wo die J\u00fcnger<\/div>\n<div>versammelt waren, klopften an die T\u00fcr und riefen: \u201eMacht auf! Wir sind es, die Freunde<\/div>\n<div>aus Emmaus! Wir haben Gute Nachricht f\u00fcr euch!\u201c \u201eWir auch\u201c, riefen die J\u00fcnger ihnen<\/div>\n<div>entgegen. \u201eJesus ist auferstanden! Er ist Petrus erschienen.\u201c \u201eJa!\u201c fielen die beiden ein.<\/div>\n<div>\u201eEr ist wahrhaftig auferstanden!\u201c Und sie erz\u00e4hlten voll Freude, was sie auf dem Weg<\/div>\n<div>erlebt hatten und in ihrem Haus, als Jesus das Brot f\u00fcr sie gebrochen hatte.<\/div>\n<div><\/div>\n<div><\/div>\n<div><\/div>\n<div>Doch als sie noch miteinander redeten, stand pl\u00f6tzlich Jesus vor ihnen und sprach<\/div>\n<div>sie an: \u201eFriede sei mit euch!\u201c<\/div>\n<div>Die J\u00fcnger sahen ihn entgeistert an. Wie war er nur zu ihnen gekommen? Die T\u00fcr<\/div>\n<div>war verriegelt. Auch die Fenster waren verschlossen. Vielleicht ist es gar nicht Jesus?,<\/div>\n<div>dachten sie erschrocken. Vielleicht ist es nur sein Geist?<\/div>\n<div>Aber Jesus sprach: \u201eWarum seid ihr erschrocken? Warum habt ihr solche<\/div>\n<div>Gedanken? Seht meine H\u00e4nde! Seht meine F\u00fc\u00dfe! Seht meine Wunden von den N\u00e4geln am<\/div>\n<div>Kreuz! Ich bin es wirklich.\u201c<\/div>\n<div>Aber die J\u00fcnger waren immer noch sprachlos. Da bat sie Jesus: \u201eHabt ihr etwas zu<\/div>\n<div>essen?\u201c Und er setzte sich mit ihnen zu Tisch wie fr\u00fcher und a\u00df vor ihren Augen: Brot und<\/div>\n<div>gebratenen Fisch.<\/div>\n<div>Da brach gro\u00dfe Freude aus bei allen J\u00fcngern. Nun glaubten sie gewiss: Jesus, ihr<\/div>\n<div>Herr, lebte! Er war durch verschlossene T\u00fcren zu ihnen gekommen!<\/div>\n<div>(Neukirchner Kinder-Bibel\u00a01990 \u2013<\/div>\n<div>Kalenderverlag des Erziehungsvereines<\/div>\n<div>4133 Neukirchen-Vluyn<\/div>\n<div>ISBN: 3-920524-44-6)<\/div>\n<p>Besonders bewegend war, als wir gemeinsam f\u00fcr andere Menschen beteten.<\/p>\n<p>Die Kinder sollten sich selbst \u00fcberlegen f\u00fcr wen wir beten k\u00f6nnen.<\/p>\n<p>Es ist sehr ber\u00fchrend, wenn die Kinder sich w\u00fcnschen, dass wir f\u00fcr Kranke oder Arme beten sollen&#8230;.<\/p>\n<p>f\u00fcr Menschen denen es nicht so gut geht wie uns selber!<\/p>\n<p>Dann sp\u00fcren wir ganz nah, dass all diese Kinder wunderbare Gesch\u00f6pfe sind,<\/p>\n<p>die mitf\u00fchlend und freundlich sind.<\/p>\n<p>M\u00f6ge Gott sie besch\u00fctzen und ihnen helfen, dass sie diese reine Seele bewahren!<\/p>\n<p>M\u00f6gen sie auf Menschen treffen, die sie in ihrer Entwicklung positiv begleiten!<\/p>\n<p>&nbsp;<\/p>\n","protected":false},"excerpt":{"rendered":"<p>Um 10.30 Uhr fand heute unsere Osterandacht mit David Bongartz statt. &nbsp; &nbsp; &nbsp; &nbsp; &nbsp; &nbsp; &nbsp; &nbsp; Er erz\u00e4hlte uns die Emmaus-Geschichte: Jesus erscheint seinen J\u00fcngern \u2013 Emmausj\u00fcnger (Lukas 24,13-35) Es war Abend geworden. Zwei M\u00e4nner wanderten von Jerusalem zu dem kleinen Dorf Emmaus. Sie waren Freunde Jesu gewesen. Traurig gingen sie nebeneinander [&hellip;]<\/p>\n","protected":false},"author":2,"featured_media":0,"comment_status":"open","ping_status":"open","sticky":false,"template":"","format":"standard","meta":{"footnotes":""},"categories":[22],"tags":[94,23],"class_list":["post-1538","post","type-post","status-publish","format-standard","hentry","category-spielzeugfreier-kindergarten","tag-onlinetagebuch","tag-spielzeugfrei"],"_links":{"self":[{"href":"https:\/\/www.ev-fmz-menschenkinder.de\/index.php?rest_route=\/wp\/v2\/posts\/1538","targetHints":{"allow":["GET"]}}],"collection":[{"href":"https:\/\/www.ev-fmz-menschenkinder.de\/index.php?rest_route=\/wp\/v2\/posts"}],"about":[{"href":"https:\/\/www.ev-fmz-menschenkinder.de\/index.php?rest_route=\/wp\/v2\/types\/post"}],"author":[{"embeddable":true,"href":"https:\/\/www.ev-fmz-menschenkinder.de\/index.php?rest_route=\/wp\/v2\/users\/2"}],"replies":[{"embeddable":true,"href":"https:\/\/www.ev-fmz-menschenkinder.de\/index.php?rest_route=%2Fwp%2Fv2%2Fcomments&post=1538"}],"version-history":[{"count":9,"href":"https:\/\/www.ev-fmz-menschenkinder.de\/index.php?rest_route=\/wp\/v2\/posts\/1538\/revisions"}],"predecessor-version":[{"id":1546,"href":"https:\/\/www.ev-fmz-menschenkinder.de\/index.php?rest_route=\/wp\/v2\/posts\/1538\/revisions\/1546"}],"wp:attachment":[{"href":"https:\/\/www.ev-fmz-menschenkinder.de\/index.php?rest_route=%2Fwp%2Fv2%2Fmedia&parent=1538"}],"wp:term":[{"taxonomy":"category","embeddable":true,"href":"https:\/\/www.ev-fmz-menschenkinder.de\/index.php?rest_route=%2Fwp%2Fv2%2Fcategories&post=1538"},{"taxonomy":"post_tag","embeddable":true,"href":"https:\/\/www.ev-fmz-menschenkinder.de\/index.php?rest_route=%2Fwp%2Fv2%2Ftags&post=1538"}],"curies":[{"name":"wp","href":"https:\/\/api.w.org\/{rel}","templated":true}]}}