{"id":1525,"date":"2013-04-11T09:08:41","date_gmt":"2013-04-11T07:08:41","guid":{"rendered":"http:\/\/www.ev-fmz-menschenkinder.de\/?p=1525"},"modified":"2013-04-11T09:15:40","modified_gmt":"2013-04-11T07:15:40","slug":"10-april-2013","status":"publish","type":"post","link":"https:\/\/www.ev-fmz-menschenkinder.de\/?p=1525","title":{"rendered":"10. April 2013"},"content":{"rendered":"<p>&#8222;Wir begr\u00fcssen Sie herzlich auf dem Flughafen R\u00e4uberh\u00f6hle.<\/p>\n<p>Ihre Maschine nach S\u00fcdamerika startet in wenigen Minuten!&#8220;<\/p>\n<p>Die Koffer sind gepackt&#8230;.<\/p>\n<p><a href=\"https:\/\/www.ev-fmz-menschenkinder.de\/wp-content\/uploads\/2013\/04\/003.jpg\"><img loading=\"lazy\" decoding=\"async\" class=\"alignleft size-medium wp-image-1526\" alt=\"OLYMPUS DIGITAL CAMERA\" src=\"https:\/\/www.ev-fmz-menschenkinder.de\/wp-content\/uploads\/2013\/04\/003-225x300.jpg\" width=\"225\" height=\"300\" srcset=\"https:\/\/www.ev-fmz-menschenkinder.de\/wp-content\/uploads\/2013\/04\/003-225x300.jpg 225w, https:\/\/www.ev-fmz-menschenkinder.de\/wp-content\/uploads\/2013\/04\/003-768x1024.jpg 768w, https:\/\/www.ev-fmz-menschenkinder.de\/wp-content\/uploads\/2013\/04\/003.jpg 1920w\" sizes=\"auto, (max-width: 225px) 100vw, 225px\" \/><\/a> <a href=\"https:\/\/www.ev-fmz-menschenkinder.de\/wp-content\/uploads\/2013\/04\/008.jpg\"><img loading=\"lazy\" decoding=\"async\" class=\"alignleft size-medium wp-image-1527\" alt=\"OLYMPUS DIGITAL CAMERA\" src=\"https:\/\/www.ev-fmz-menschenkinder.de\/wp-content\/uploads\/2013\/04\/008-225x300.jpg\" width=\"225\" height=\"300\" srcset=\"https:\/\/www.ev-fmz-menschenkinder.de\/wp-content\/uploads\/2013\/04\/008-225x300.jpg 225w, https:\/\/www.ev-fmz-menschenkinder.de\/wp-content\/uploads\/2013\/04\/008-768x1024.jpg 768w, https:\/\/www.ev-fmz-menschenkinder.de\/wp-content\/uploads\/2013\/04\/008.jpg 1920w\" sizes=\"auto, (max-width: 225px) 100vw, 225px\" \/><\/a><\/p>\n<p>&nbsp;<\/p>\n<p>&nbsp;<\/p>\n<p>&nbsp;<\/p>\n<p>&nbsp;<\/p>\n<p>&nbsp;<\/p>\n<p>&nbsp;<\/p>\n<p>&nbsp;<\/p>\n<p>&nbsp;<\/p>\n<p>&nbsp;<\/p>\n<p>&#8230;.der Flieger kann starten!<\/p>\n<p><a href=\"https:\/\/www.ev-fmz-menschenkinder.de\/wp-content\/uploads\/2013\/04\/018.jpg\"><img loading=\"lazy\" decoding=\"async\" class=\"alignleft size-medium wp-image-1531\" alt=\"OLYMPUS DIGITAL CAMERA\" src=\"https:\/\/www.ev-fmz-menschenkinder.de\/wp-content\/uploads\/2013\/04\/018-300x225.jpg\" width=\"300\" height=\"225\" srcset=\"https:\/\/www.ev-fmz-menschenkinder.de\/wp-content\/uploads\/2013\/04\/018-300x225.jpg 300w, https:\/\/www.ev-fmz-menschenkinder.de\/wp-content\/uploads\/2013\/04\/018-1024x768.jpg 1024w\" sizes=\"auto, (max-width: 300px) 100vw, 300px\" \/><\/a><\/p>\n<p>&nbsp;<\/p>\n<p>&nbsp;<\/p>\n<p>&nbsp;<\/p>\n<p>&nbsp;<\/p>\n<p>&nbsp;<\/p>\n<p>&nbsp;<\/p>\n<p>&nbsp;<\/p>\n<p>In der Pirateninsel ereignete sich heute folgende Geschichte:<\/p>\n<p>Drei M\u00e4dchen sa\u00dfen am Fenster und wollen, dass die Mama kommt.<\/p>\n<p>Darauf meinte die Erzieherin, dann denkt euch doch mal einen Zauberspruch aus.<\/p>\n<p>Danach kamen die drei auf die Idee einen Zauberstab und ein Zauberbuch zu basteln,<\/p>\n<p>um ihre M\u00fctter herbei zu zaubern.\u00a0 Hier sieht man\u00a0 die stolzen Kinder:<\/p>\n<p><a href=\"https:\/\/www.ev-fmz-menschenkinder.de\/wp-content\/uploads\/2013\/04\/Zauberstab-9.04.jpg\"><img loading=\"lazy\" decoding=\"async\" class=\"alignleft size-medium wp-image-1534\" alt=\"Zauberstab 9.04\" src=\"https:\/\/www.ev-fmz-menschenkinder.de\/wp-content\/uploads\/2013\/04\/Zauberstab-9.04-300x225.jpg\" width=\"300\" height=\"225\" srcset=\"https:\/\/www.ev-fmz-menschenkinder.de\/wp-content\/uploads\/2013\/04\/Zauberstab-9.04-300x225.jpg 300w, https:\/\/www.ev-fmz-menschenkinder.de\/wp-content\/uploads\/2013\/04\/Zauberstab-9.04-1024x768.jpg 1024w\" sizes=\"auto, (max-width: 300px) 100vw, 300px\" \/><\/a><\/p>\n","protected":false},"excerpt":{"rendered":"<p>&#8222;Wir begr\u00fcssen Sie herzlich auf dem Flughafen R\u00e4uberh\u00f6hle. Ihre Maschine nach S\u00fcdamerika startet in wenigen Minuten!&#8220; Die Koffer sind gepackt&#8230;. &nbsp; &nbsp; &nbsp; &nbsp; &nbsp; &nbsp; &nbsp; &nbsp; &nbsp; &#8230;.der Flieger kann starten! &nbsp; &nbsp; &nbsp; &nbsp; &nbsp; &nbsp; &nbsp; In der Pirateninsel ereignete sich heute folgende Geschichte: Drei M\u00e4dchen sa\u00dfen am Fenster und wollen, [&hellip;]<\/p>\n","protected":false},"author":2,"featured_media":0,"comment_status":"open","ping_status":"open","sticky":false,"template":"","format":"standard","meta":{"footnotes":""},"categories":[1],"tags":[],"class_list":["post-1525","post","type-post","status-publish","format-standard","hentry","category-allgemein"],"_links":{"self":[{"href":"https:\/\/www.ev-fmz-menschenkinder.de\/index.php?rest_route=\/wp\/v2\/posts\/1525","targetHints":{"allow":["GET"]}}],"collection":[{"href":"https:\/\/www.ev-fmz-menschenkinder.de\/index.php?rest_route=\/wp\/v2\/posts"}],"about":[{"href":"https:\/\/www.ev-fmz-menschenkinder.de\/index.php?rest_route=\/wp\/v2\/types\/post"}],"author":[{"embeddable":true,"href":"https:\/\/www.ev-fmz-menschenkinder.de\/index.php?rest_route=\/wp\/v2\/users\/2"}],"replies":[{"embeddable":true,"href":"https:\/\/www.ev-fmz-menschenkinder.de\/index.php?rest_route=%2Fwp%2Fv2%2Fcomments&post=1525"}],"version-history":[{"count":5,"href":"https:\/\/www.ev-fmz-menschenkinder.de\/index.php?rest_route=\/wp\/v2\/posts\/1525\/revisions"}],"predecessor-version":[{"id":1536,"href":"https:\/\/www.ev-fmz-menschenkinder.de\/index.php?rest_route=\/wp\/v2\/posts\/1525\/revisions\/1536"}],"wp:attachment":[{"href":"https:\/\/www.ev-fmz-menschenkinder.de\/index.php?rest_route=%2Fwp%2Fv2%2Fmedia&parent=1525"}],"wp:term":[{"taxonomy":"category","embeddable":true,"href":"https:\/\/www.ev-fmz-menschenkinder.de\/index.php?rest_route=%2Fwp%2Fv2%2Fcategories&post=1525"},{"taxonomy":"post_tag","embeddable":true,"href":"https:\/\/www.ev-fmz-menschenkinder.de\/index.php?rest_route=%2Fwp%2Fv2%2Ftags&post=1525"}],"curies":[{"name":"wp","href":"https:\/\/api.w.org\/{rel}","templated":true}]}}